{"id":1065,"date":"2015-07-31T00:51:20","date_gmt":"2015-07-30T22:51:20","guid":{"rendered":"http:\/\/www.blogbuch-oldenburg.de\/?p=1065"},"modified":"2016-02-24T10:49:08","modified_gmt":"2016-02-24T08:49:08","slug":"grosser-haeuptling-anton-4","status":"publish","type":"post","link":"http:\/\/www.blogbuch-oldenburg.de\/?p=1065","title":{"rendered":"Gro\u00dfer H\u00e4uptling Anton [ 4 ]"},"content":{"rendered":"<p>Nun wird es kaum verwundern zu h\u00f6ren, dass jene geographischen und geologischen Eigenheiten &#8211; extreme Tiefenlage, Strahlung der Backsteine, dar\u00fcber hinaus aber auch D\u00e4mpfe aus dem Moor und merkw\u00fcrdig schillernde Herbstnebel &#8211; dass all jene Eigenheiten also zu einem ausgepr\u00e4gten Scharfsinn der Oldenburger f\u00fchrten. (Die Pfeffersuppe mag das ihrige beigesteuert haben.)<\/p>\n<p>Von allen klugen Oberh\u00e4uptern war aber Anton der kl\u00fcgste, und so ist er als <i>Gro\u00dfer H\u00e4uptling Anton <\/i>in die Annalen der Stadtgeschichte eingegangen.<\/p>\n<p>Schon als junger Mensch ahnte Anton, dass Leben au\u00dferhalb Oldenburgs m\u00f6glich und also wahrscheinlich sein musste; und um sein Wissen \u00fcber die Welt und ihre Erscheinungen zu mehren, lie\u00df er sich von seinen Handwerkern eine Kutsche anfertigen, mit der ihn seine geliebten Pferde in\u00a0die entlegensten K\u00f6nigreiche und Grafschaften bringen konnten.<\/p>\n<p>\u00dcber jene Kutsche wurde seinerzeit in Oldenburg viel Aufhebens gemacht. Angeblich fuhr sie so schnell, als ob hundert Pferde sie z\u00f6gen; wie auf planen Bahnen gleite sie \u00fcber das Land und f\u00fchre den <em>Gro\u00dfen H\u00e4uptling<\/em> in einem Bruchteil der \u00fcblichen Reisezeit an sein Ziel.<\/p>\n<p>Das ist schwarze Magie, brummten die Alten. Das ist die Zukunft, fl\u00fcsterten die Jungen.<\/p>\n","protected":false},"excerpt":{"rendered":"<p>Nun wird es kaum verwundern zu h\u00f6ren, dass jene geographischen und geologischen Eigenheiten &#8211; extreme Tiefenlage, Strahlung der Backsteine, dar\u00fcber hinaus aber auch D\u00e4mpfe aus dem Moor und merkw\u00fcrdig schillernde Herbstnebel &#8211; dass all jene Eigenheiten also zu einem ausgepr\u00e4gten &hellip; <a href=\"http:\/\/www.blogbuch-oldenburg.de\/?p=1065\">Weiterlesen <span class=\"meta-nav\">&rarr;<\/span><\/a><\/p>\n","protected":false},"author":1,"featured_media":0,"comment_status":"closed","ping_status":"closed","sticky":false,"template":"","format":"standard","meta":[],"categories":[7],"tags":[],"_links":{"self":[{"href":"http:\/\/www.blogbuch-oldenburg.de\/index.php?rest_route=\/wp\/v2\/posts\/1065"}],"collection":[{"href":"http:\/\/www.blogbuch-oldenburg.de\/index.php?rest_route=\/wp\/v2\/posts"}],"about":[{"href":"http:\/\/www.blogbuch-oldenburg.de\/index.php?rest_route=\/wp\/v2\/types\/post"}],"author":[{"embeddable":true,"href":"http:\/\/www.blogbuch-oldenburg.de\/index.php?rest_route=\/wp\/v2\/users\/1"}],"replies":[{"embeddable":true,"href":"http:\/\/www.blogbuch-oldenburg.de\/index.php?rest_route=%2Fwp%2Fv2%2Fcomments&post=1065"}],"version-history":[{"count":6,"href":"http:\/\/www.blogbuch-oldenburg.de\/index.php?rest_route=\/wp\/v2\/posts\/1065\/revisions"}],"predecessor-version":[{"id":1071,"href":"http:\/\/www.blogbuch-oldenburg.de\/index.php?rest_route=\/wp\/v2\/posts\/1065\/revisions\/1071"}],"wp:attachment":[{"href":"http:\/\/www.blogbuch-oldenburg.de\/index.php?rest_route=%2Fwp%2Fv2%2Fmedia&parent=1065"}],"wp:term":[{"taxonomy":"category","embeddable":true,"href":"http:\/\/www.blogbuch-oldenburg.de\/index.php?rest_route=%2Fwp%2Fv2%2Fcategories&post=1065"},{"taxonomy":"post_tag","embeddable":true,"href":"http:\/\/www.blogbuch-oldenburg.de\/index.php?rest_route=%2Fwp%2Fv2%2Ftags&post=1065"}],"curies":[{"name":"wp","href":"https:\/\/api.w.org\/{rel}","templated":true}]}}