{"id":1073,"date":"2015-07-31T00:50:29","date_gmt":"2015-07-30T22:50:29","guid":{"rendered":"http:\/\/www.blogbuch-oldenburg.de\/?p=1073"},"modified":"2016-02-24T10:48:47","modified_gmt":"2016-02-24T08:48:47","slug":"unglueck-zieh-vorueber-5","status":"publish","type":"post","link":"http:\/\/www.blogbuch-oldenburg.de\/?p=1073","title":{"rendered":"Ungl\u00fcck, zieh vor\u00fcber [ 5 ]"},"content":{"rendered":"<p>Dann aber w\u00e4re da noch die Sache mit dem Aberglauben.<\/p>\n<p>Im Allgemeinen zeichnen sich Wirtschaft und Gesellschaft in Oldenburg durch allerh\u00f6chstes Gedeihen und Umtriebigkeit aus, die lediglich an den Sonn- und Feiertagen zum Erliegen kommen.<\/p>\n<p>Anders verh\u00e4lt es sich hingegen an einem Freitag, den dreizehnten. Schon am Abend zuvor wird es still in den Oldenburger Gassen und Stra\u00dfen, die B\u00fcrger ziehen sich zur\u00fcck.<\/p>\n<p>Das ist das Startsignal der sogenannten <i>Sp\u00f6kenweiber<\/i>. Aus dem Kellergew\u00f6lbe des Oldenburger Rathauses wird sodann der <em>Sp\u00f6kenschleier<\/em> hervorgeholt &#8211; ein Tuch, etwa anderthalb mal so gro\u00df wie Oldenburg. In jahrelanger Schneiderinnenarbeit wurde es von den Sp\u00f6kenweibern zusammengen\u00e4ht, und mit den Worten bestickt <i>Ungl\u00fcck, zieh vor\u00fcber.\u00a0<\/i><\/p>\n<p>Noch vor Mitternacht wird es sorgf\u00e4ltig \u00fcber die H\u00e4user, Kirchd\u00e4cher und T\u00fcrme Oldenburgs gezogen und an ein paar Scheunen und Zaunpf\u00e4hlen des\u00a0Stadtrandes befestigt. Am Morgen des 13., wenn Oldenburg aufwacht, befindet es sich bereits sicher versteckt unser einem beige-gr\u00fcnen Tarntuch, das es mit seiner Umgebung verschmelzen l\u00e4sst.<\/p>\n<p>Wenn nun also das Ungl\u00fcck von Norden her sich auf den Weg \u00fcber das Land macht, verpasst es Oldenburg, und vage nur pr\u00e4gt sich ihm die Aufforderung ein, vor\u00fcberzuziehen und mit umso gr\u00f6\u00dferem Furor auf die s\u00fcdlicher gelegenen Landesteile hinabzufahren.<\/p>\n","protected":false},"excerpt":{"rendered":"<p>Dann aber w\u00e4re da noch die Sache mit dem Aberglauben. Im Allgemeinen zeichnen sich Wirtschaft und Gesellschaft in Oldenburg durch allerh\u00f6chstes Gedeihen und Umtriebigkeit aus, die lediglich an den Sonn- und Feiertagen zum Erliegen kommen. Anders verh\u00e4lt es sich hingegen &hellip; <a href=\"http:\/\/www.blogbuch-oldenburg.de\/?p=1073\">Weiterlesen <span class=\"meta-nav\">&rarr;<\/span><\/a><\/p>\n","protected":false},"author":1,"featured_media":0,"comment_status":"closed","ping_status":"closed","sticky":false,"template":"","format":"standard","meta":[],"categories":[7],"tags":[],"_links":{"self":[{"href":"http:\/\/www.blogbuch-oldenburg.de\/index.php?rest_route=\/wp\/v2\/posts\/1073"}],"collection":[{"href":"http:\/\/www.blogbuch-oldenburg.de\/index.php?rest_route=\/wp\/v2\/posts"}],"about":[{"href":"http:\/\/www.blogbuch-oldenburg.de\/index.php?rest_route=\/wp\/v2\/types\/post"}],"author":[{"embeddable":true,"href":"http:\/\/www.blogbuch-oldenburg.de\/index.php?rest_route=\/wp\/v2\/users\/1"}],"replies":[{"embeddable":true,"href":"http:\/\/www.blogbuch-oldenburg.de\/index.php?rest_route=%2Fwp%2Fv2%2Fcomments&post=1073"}],"version-history":[{"count":4,"href":"http:\/\/www.blogbuch-oldenburg.de\/index.php?rest_route=\/wp\/v2\/posts\/1073\/revisions"}],"predecessor-version":[{"id":1077,"href":"http:\/\/www.blogbuch-oldenburg.de\/index.php?rest_route=\/wp\/v2\/posts\/1073\/revisions\/1077"}],"wp:attachment":[{"href":"http:\/\/www.blogbuch-oldenburg.de\/index.php?rest_route=%2Fwp%2Fv2%2Fmedia&parent=1073"}],"wp:term":[{"taxonomy":"category","embeddable":true,"href":"http:\/\/www.blogbuch-oldenburg.de\/index.php?rest_route=%2Fwp%2Fv2%2Fcategories&post=1073"},{"taxonomy":"post_tag","embeddable":true,"href":"http:\/\/www.blogbuch-oldenburg.de\/index.php?rest_route=%2Fwp%2Fv2%2Ftags&post=1073"}],"curies":[{"name":"wp","href":"https:\/\/api.w.org\/{rel}","templated":true}]}}