{"id":1081,"date":"2015-07-31T00:48:26","date_gmt":"2015-07-30T22:48:26","guid":{"rendered":"http:\/\/www.blogbuch-oldenburg.de\/?p=1081"},"modified":"2016-02-24T10:48:11","modified_gmt":"2016-02-24T08:48:11","slug":"die-oldenloecher-7","status":"publish","type":"post","link":"http:\/\/www.blogbuch-oldenburg.de\/?p=1081","title":{"rendered":"Die Oldenl\u00f6cher [ 7 ]"},"content":{"rendered":"<p>Oldenburg\u00a0ist ein gemeingef\u00e4hrlicher Ort, den man, wenn man an seinem Leben h\u00e4ngt, besser meiden sollte. Wenigstens bei Regen.<\/p>\n<p>Nicht genug, dass Oldenburg sich auf der Nordhalbkugel befindet, und somit alle Jahreszeiten genau falsch herum statt finden; abgesehen davon wechselt das Wetter alle halbe Stunde und h\u00e4lt die Oldenburger zum Narren. Die meisten von ihnen trauen sich nur noch mit gro\u00dfen Koffern oder Sees\u00e4cken auf die Stra\u00dfe, in denen sie Kleidung f\u00fcr alle Eventualit\u00e4ten mit sich f\u00fchren. Mit der Zeit sind besonders praktisch veranlagte Gem\u00fcter dazu \u00fcbergegangen, sich an strategisch g\u00fcnstigen Stra\u00dfenkreuzungen und Pl\u00e4tzen kleine Erdh\u00f6hlen zu graben, in denen sie ihre Ausr\u00fcstung verstauen.<\/p>\n<p>Die Praktik kam schnell in Mode, so dass der Grund und Boden von Oldenburg durchsetzt und gespickt ist mit Sommerh\u00fcten, Regenschirmen, Winterm\u00e4nteln, Schneeschuhen und Badeanz\u00fcgen. Mit der Zeit aber verga\u00dfen oder verwechselten die B\u00fcrger ihre Erdh\u00f6hlen; sie suchten sie vergeblich oder gruben sich neue. Die Oldenburger m\u00f6gen sich vielleicht durch einzigartige Intelligenz auszeichnen; Nebens\u00e4chlichkeiten aber entziehen sich ihnen bisweilen.<\/p>\n<p>Zieht eine der gef\u00fcrchteten Regenfronten \u00fcber das Land und entl\u00e4dt seine Wassermassen auf die Stadt, so verwandelt sich der gesamte st\u00e4dtische Untergrund in ein instabiles, tr\u00fcgerisches Gel\u00e4nde. So mancher\u00a0Fremde, gerade in der Stadt angekommen, fand sich in einem der Erdl\u00f6cher wieder, zusammen mit klammer Winter- und Sommerausr\u00fcstung.<\/p>\n<p>Die erbosten Reisenden haben diesem Ph\u00e4nomen den treffenden Namen <em>Oldenl\u00f6cher<\/em> gegeben; und ein Schelm, wer behauptet, jener Begriff h\u00e4tte sich mit der Zeit auch f\u00fcr die Oldenburger an sich durchgesetzt.<\/p>\n","protected":false},"excerpt":{"rendered":"<p>Oldenburg\u00a0ist ein gemeingef\u00e4hrlicher Ort, den man, wenn man an seinem Leben h\u00e4ngt, besser meiden sollte. Wenigstens bei Regen. Nicht genug, dass Oldenburg sich auf der Nordhalbkugel befindet, und somit alle Jahreszeiten genau falsch herum statt finden; abgesehen davon wechselt das &hellip; <a href=\"http:\/\/www.blogbuch-oldenburg.de\/?p=1081\">Weiterlesen <span class=\"meta-nav\">&rarr;<\/span><\/a><\/p>\n","protected":false},"author":1,"featured_media":0,"comment_status":"closed","ping_status":"closed","sticky":false,"template":"","format":"standard","meta":[],"categories":[7],"tags":[],"_links":{"self":[{"href":"http:\/\/www.blogbuch-oldenburg.de\/index.php?rest_route=\/wp\/v2\/posts\/1081"}],"collection":[{"href":"http:\/\/www.blogbuch-oldenburg.de\/index.php?rest_route=\/wp\/v2\/posts"}],"about":[{"href":"http:\/\/www.blogbuch-oldenburg.de\/index.php?rest_route=\/wp\/v2\/types\/post"}],"author":[{"embeddable":true,"href":"http:\/\/www.blogbuch-oldenburg.de\/index.php?rest_route=\/wp\/v2\/users\/1"}],"replies":[{"embeddable":true,"href":"http:\/\/www.blogbuch-oldenburg.de\/index.php?rest_route=%2Fwp%2Fv2%2Fcomments&post=1081"}],"version-history":[{"count":3,"href":"http:\/\/www.blogbuch-oldenburg.de\/index.php?rest_route=\/wp\/v2\/posts\/1081\/revisions"}],"predecessor-version":[{"id":1084,"href":"http:\/\/www.blogbuch-oldenburg.de\/index.php?rest_route=\/wp\/v2\/posts\/1081\/revisions\/1084"}],"wp:attachment":[{"href":"http:\/\/www.blogbuch-oldenburg.de\/index.php?rest_route=%2Fwp%2Fv2%2Fmedia&parent=1081"}],"wp:term":[{"taxonomy":"category","embeddable":true,"href":"http:\/\/www.blogbuch-oldenburg.de\/index.php?rest_route=%2Fwp%2Fv2%2Fcategories&post=1081"},{"taxonomy":"post_tag","embeddable":true,"href":"http:\/\/www.blogbuch-oldenburg.de\/index.php?rest_route=%2Fwp%2Fv2%2Ftags&post=1081"}],"curies":[{"name":"wp","href":"https:\/\/api.w.org\/{rel}","templated":true}]}}