{"id":1086,"date":"2015-07-31T00:47:25","date_gmt":"2015-07-30T22:47:25","guid":{"rendered":"http:\/\/www.blogbuch-oldenburg.de\/?p=1086"},"modified":"2016-02-24T10:47:46","modified_gmt":"2016-02-24T08:47:46","slug":"tag-und-nacht-ungleiche-8","status":"publish","type":"post","link":"http:\/\/www.blogbuch-oldenburg.de\/?p=1086","title":{"rendered":"Tag-und-Nacht-Ungleiche [ 8 ]"},"content":{"rendered":"<p>Es ist noch nicht allzu lange her, da spielten das Moor und seine Gestalten den Oldenburgern einen b\u00f6sen Streich.<\/p>\n<p>F\u00fcr gew\u00f6hnlich haben die St\u00e4dter einen nat\u00fcrlichen Widerwillen gegen das Land, das sie umgibt. Unw\u00e4gbar ist es, kaum besiedelt, und wer bei Nacht oder Nebel nicht rechtzeitig zur\u00fcck in der Stadt ist, l\u00e4uft Gefahr, sich auf den schmalen Moorpfaden zu verlaufen und zu versinken.<\/p>\n<p>Noch dazu &#8211; so gehen die Geschichten, die in den Schenken Oldenburgs erz\u00e4hlt werden &#8211; wimmelt es in den Mooren, S\u00fcmpfen und Heiden von spukhaften Gestalten; Untoten, Gespenstern, Stimmen, die einen immer tiefer hinein locken, Lichter, die \u00fcber dem Wasser tanzen und dem Wanderer vorgaukeln, er bef\u00e4nde sich auf dem rechten Weg.<\/p>\n<p>In der Stadt aber, so dachte man die l\u00e4ngste Zeit, sei man vor dem Moor sicher. So dachte man auch an jenem anbrechenden Wintermorgen. Es wurde hell; genau jene diffuse Helligkeit, die ein Tag im Februar mit sich bringt. Die Nacht schien kurz gewesen zu sein; die B\u00fcrger blickten kaum auf die Uhr, zogen sich an und machten sich ans Tagewerk.<\/p>\n<p>Bis die ersten Schreie durch die Stra\u00dfen gellten. Wie sich herausstellte, handelte es sich bei der Helligkeit \u00fcberhaupt nicht um die Morgend\u00e4mmerung, sondern um Hunderte von Irrlichtern, die sich aus dem Moor in die Stadt verirrt hatten. Manche von ihnen tanzten direkt auf dem Pflaster; andere in Schulterh\u00f6he und wieder andere schienen von Dach zu Dach zu h\u00fcpfen.<\/p>\n<p>Sie trieben so lange ihren Schabernack mit den verunsicherten B\u00fcrgern, bis es einem alten M\u00fctterlein, das sein Auskommen mit dem Verkauf von R\u00fcbenmus bestritt, zu bunt wurde. Beherzt packte es seinen Besen und kehrte die Lichter vor das Stadttor. \u201eF\u00fcr sowas habe ich keine Zeit\u201c, zeterte\u00a0es noch, bevor es in seine Kammer verschwand.<\/p>\n","protected":false},"excerpt":{"rendered":"<p>Es ist noch nicht allzu lange her, da spielten das Moor und seine Gestalten den Oldenburgern einen b\u00f6sen Streich. F\u00fcr gew\u00f6hnlich haben die St\u00e4dter einen nat\u00fcrlichen Widerwillen gegen das Land, das sie umgibt. Unw\u00e4gbar ist es, kaum besiedelt, und wer &hellip; <a href=\"http:\/\/www.blogbuch-oldenburg.de\/?p=1086\">Weiterlesen <span class=\"meta-nav\">&rarr;<\/span><\/a><\/p>\n","protected":false},"author":1,"featured_media":0,"comment_status":"closed","ping_status":"closed","sticky":false,"template":"","format":"standard","meta":[],"categories":[7],"tags":[],"_links":{"self":[{"href":"http:\/\/www.blogbuch-oldenburg.de\/index.php?rest_route=\/wp\/v2\/posts\/1086"}],"collection":[{"href":"http:\/\/www.blogbuch-oldenburg.de\/index.php?rest_route=\/wp\/v2\/posts"}],"about":[{"href":"http:\/\/www.blogbuch-oldenburg.de\/index.php?rest_route=\/wp\/v2\/types\/post"}],"author":[{"embeddable":true,"href":"http:\/\/www.blogbuch-oldenburg.de\/index.php?rest_route=\/wp\/v2\/users\/1"}],"replies":[{"embeddable":true,"href":"http:\/\/www.blogbuch-oldenburg.de\/index.php?rest_route=%2Fwp%2Fv2%2Fcomments&post=1086"}],"version-history":[{"count":3,"href":"http:\/\/www.blogbuch-oldenburg.de\/index.php?rest_route=\/wp\/v2\/posts\/1086\/revisions"}],"predecessor-version":[{"id":1089,"href":"http:\/\/www.blogbuch-oldenburg.de\/index.php?rest_route=\/wp\/v2\/posts\/1086\/revisions\/1089"}],"wp:attachment":[{"href":"http:\/\/www.blogbuch-oldenburg.de\/index.php?rest_route=%2Fwp%2Fv2%2Fmedia&parent=1086"}],"wp:term":[{"taxonomy":"category","embeddable":true,"href":"http:\/\/www.blogbuch-oldenburg.de\/index.php?rest_route=%2Fwp%2Fv2%2Fcategories&post=1086"},{"taxonomy":"post_tag","embeddable":true,"href":"http:\/\/www.blogbuch-oldenburg.de\/index.php?rest_route=%2Fwp%2Fv2%2Ftags&post=1086"}],"curies":[{"name":"wp","href":"https:\/\/api.w.org\/{rel}","templated":true}]}}