{"id":1090,"date":"2015-07-31T00:46:35","date_gmt":"2015-07-30T22:46:35","guid":{"rendered":"http:\/\/www.blogbuch-oldenburg.de\/?p=1090"},"modified":"2016-02-24T10:47:31","modified_gmt":"2016-02-24T08:47:31","slug":"die-grosse-wasserteilung-9","status":"publish","type":"post","link":"http:\/\/www.blogbuch-oldenburg.de\/?p=1090","title":{"rendered":"Die gro\u00dfe Wasserteilung [ 9 ]"},"content":{"rendered":"<p>Hohe Berge sch\u00f6n und gut. Sicher, man muss\u00a0sich an K\u00e4lte, Hitze, H\u00f6he, Wind, Lebensmittelmangel und Kargheit gew\u00f6hnen.<\/p>\n<p>Aber immerhin, und das gilt selbst f\u00fcr die Anden, immerhin sind sie immerfort da, Tag und Nacht. Selbst wenn man scherzeshalber in der Nacht aufsteht, um rasch zu kontrollieren, selbst dann liegen die Berge im sch\u00f6nsten Sternenglanze da und haben sich um keinen Zentimeter bewegt.<\/p>\n<p>Auf diese &#8211; Pardon &#8211; Kl\u00f6tze ist\u00a0Verlass. Da bedarf es keiner schwierigen Berechnung oder Kalkulation. Ein Berg ist ein Berg. Das kann man sich einmal merken und nie wieder dar\u00fcber nachdenken.<\/p>\n<p>Nichts dergleichen l\u00e4sst\u00a0sich vom Meer behaupten, in dessen N\u00e4he Oldenburg liegt: Eine quecksilbrige Fl\u00e4che, grau und unbewegt &#8211; so scheint es zumindest.<\/p>\n<p>In Wirklichkeit ist es mal da, mal wieder nicht, und nicht einmal die gr\u00f6\u00dften Gelehrten der Stadt k\u00f6nnen voraussagen, wann das Wasser wieder \u00fcber den Meeresboden rollen wird.<\/p>\n<p>Zur\u00fcckzuf\u00fchren, so ist es nachzulesen in jedem besseren Werk \u00fcber die allgemeine Geschichte Norddeutschlands, ist dieses Ph\u00e4nomen auf einen Kontrakt aus dem Jahre 1691 zwischen dem englischen K\u00f6nig und den K\u00f6nigen des Festlandes. Es gab einfach nicht genug Wasser f\u00fcr alle. Da half nur eines: teilen.<\/p>\n<p>Die Pumpen und Schleusen, die die britischen Ingenieure im Meer versenkten, waren eine Meisterleistung. Sie funktionieren bis heute, auch wenn keiner genau wei\u00df, wie und wo.<\/p>\n","protected":false},"excerpt":{"rendered":"<p>Hohe Berge sch\u00f6n und gut. Sicher, man muss\u00a0sich an K\u00e4lte, Hitze, H\u00f6he, Wind, Lebensmittelmangel und Kargheit gew\u00f6hnen. Aber immerhin, und das gilt selbst f\u00fcr die Anden, immerhin sind sie immerfort da, Tag und Nacht. Selbst wenn man scherzeshalber in der &hellip; <a href=\"http:\/\/www.blogbuch-oldenburg.de\/?p=1090\">Weiterlesen <span class=\"meta-nav\">&rarr;<\/span><\/a><\/p>\n","protected":false},"author":1,"featured_media":0,"comment_status":"closed","ping_status":"closed","sticky":false,"template":"","format":"standard","meta":[],"categories":[7],"tags":[],"_links":{"self":[{"href":"http:\/\/www.blogbuch-oldenburg.de\/index.php?rest_route=\/wp\/v2\/posts\/1090"}],"collection":[{"href":"http:\/\/www.blogbuch-oldenburg.de\/index.php?rest_route=\/wp\/v2\/posts"}],"about":[{"href":"http:\/\/www.blogbuch-oldenburg.de\/index.php?rest_route=\/wp\/v2\/types\/post"}],"author":[{"embeddable":true,"href":"http:\/\/www.blogbuch-oldenburg.de\/index.php?rest_route=\/wp\/v2\/users\/1"}],"replies":[{"embeddable":true,"href":"http:\/\/www.blogbuch-oldenburg.de\/index.php?rest_route=%2Fwp%2Fv2%2Fcomments&post=1090"}],"version-history":[{"count":3,"href":"http:\/\/www.blogbuch-oldenburg.de\/index.php?rest_route=\/wp\/v2\/posts\/1090\/revisions"}],"predecessor-version":[{"id":1102,"href":"http:\/\/www.blogbuch-oldenburg.de\/index.php?rest_route=\/wp\/v2\/posts\/1090\/revisions\/1102"}],"wp:attachment":[{"href":"http:\/\/www.blogbuch-oldenburg.de\/index.php?rest_route=%2Fwp%2Fv2%2Fmedia&parent=1090"}],"wp:term":[{"taxonomy":"category","embeddable":true,"href":"http:\/\/www.blogbuch-oldenburg.de\/index.php?rest_route=%2Fwp%2Fv2%2Fcategories&post=1090"},{"taxonomy":"post_tag","embeddable":true,"href":"http:\/\/www.blogbuch-oldenburg.de\/index.php?rest_route=%2Fwp%2Fv2%2Ftags&post=1090"}],"curies":[{"name":"wp","href":"https:\/\/api.w.org\/{rel}","templated":true}]}}