{"id":1095,"date":"2015-07-31T00:44:07","date_gmt":"2015-07-30T22:44:07","guid":{"rendered":"http:\/\/www.blogbuch-oldenburg.de\/?p=1095"},"modified":"2016-02-24T10:46:57","modified_gmt":"2016-02-24T08:46:57","slug":"braque-noire-11","status":"publish","type":"post","link":"http:\/\/www.blogbuch-oldenburg.de\/?p=1095","title":{"rendered":"Braque Noire [ 11 ]"},"content":{"rendered":"<p>Lange Zeit vor der Wasserteilung kam es zu mehreren, verheerenden Sturmfluten. Br\u00fcllend und tosend kam das Meer gegen das Land angedonnert und fra\u00df sich in seinen Leib hinein, nagte und kaute so lange, bis es sich ganze H\u00e4user, Kirchen und D\u00f6rfer einverleibt hatte.<\/p>\n<p>Eine dunkle Zeit. Viele H\u00e4uptlinge der Region waren daf\u00fcr, das Meer ein f\u00fcr alle Mal abzuschaffen, es zu verneinen, auszuradieren, es r\u00fcberzuschicken nach den britischen Inseln &#8211; aber da niemand wusste, wie das zu bewerkstelligen sei, platzte dieser Plan.<\/p>\n<p>Kurze Zeit nach den Sturmfluten f\u00e4rbte sich die Bucht pechschwarz. Das Meer hatte Teile der Moore mit sich genommen, das sich nun immer weiter ins Meerwasser entleerte und es in ein gro\u00dfes, schwarzes Brack verwandelte.<\/p>\n<p>Keiner, der die St\u00fcrme und die Fluten \u00fcberlebt hatte, mochte die Bucht noch sehen oder gar die Fische daraus essen. Doch was tun? Das schwarze Brack war da, daran lie\u00df sich nicht r\u00fctteln. Die Wirtschaft des Landes lag darnieder &#8211; Fischerei, Landwirtschaft, alles war ersch\u00fcttert worden. Noch dazu l\u00e4hmte das Brack die Menschen, die sich in seiner N\u00e4he beklemmt und bedroht f\u00fchlten.<\/p>\n<p>Ein kleiner Schreibwarenh\u00e4ndler aus Oldenburg brachte den Wandel. Beim Glaser bestellte er ein paar tausend Fl\u00e4schchen, f\u00fcllte an der Bucht das pechschwarze Brackwasser ab, nannte es <i>Braque Noire<\/i> und verkaufte sein Produkt als Spezialtinte an die wohlhabende Bev\u00f6lkerung des s\u00fcdlichen Inlandes. Ein florierender Wirtschaftszweig entstand, auf den die Stadt bis heute zurecht stolz ist.<\/p>\n","protected":false},"excerpt":{"rendered":"<p>Lange Zeit vor der Wasserteilung kam es zu mehreren, verheerenden Sturmfluten. Br\u00fcllend und tosend kam das Meer gegen das Land angedonnert und fra\u00df sich in seinen Leib hinein, nagte und kaute so lange, bis es sich ganze H\u00e4user, Kirchen und &hellip; <a href=\"http:\/\/www.blogbuch-oldenburg.de\/?p=1095\">Weiterlesen <span class=\"meta-nav\">&rarr;<\/span><\/a><\/p>\n","protected":false},"author":1,"featured_media":0,"comment_status":"closed","ping_status":"closed","sticky":false,"template":"","format":"standard","meta":[],"categories":[7],"tags":[],"_links":{"self":[{"href":"http:\/\/www.blogbuch-oldenburg.de\/index.php?rest_route=\/wp\/v2\/posts\/1095"}],"collection":[{"href":"http:\/\/www.blogbuch-oldenburg.de\/index.php?rest_route=\/wp\/v2\/posts"}],"about":[{"href":"http:\/\/www.blogbuch-oldenburg.de\/index.php?rest_route=\/wp\/v2\/types\/post"}],"author":[{"embeddable":true,"href":"http:\/\/www.blogbuch-oldenburg.de\/index.php?rest_route=\/wp\/v2\/users\/1"}],"replies":[{"embeddable":true,"href":"http:\/\/www.blogbuch-oldenburg.de\/index.php?rest_route=%2Fwp%2Fv2%2Fcomments&post=1095"}],"version-history":[{"count":4,"href":"http:\/\/www.blogbuch-oldenburg.de\/index.php?rest_route=\/wp\/v2\/posts\/1095\/revisions"}],"predecessor-version":[{"id":1099,"href":"http:\/\/www.blogbuch-oldenburg.de\/index.php?rest_route=\/wp\/v2\/posts\/1095\/revisions\/1099"}],"wp:attachment":[{"href":"http:\/\/www.blogbuch-oldenburg.de\/index.php?rest_route=%2Fwp%2Fv2%2Fmedia&parent=1095"}],"wp:term":[{"taxonomy":"category","embeddable":true,"href":"http:\/\/www.blogbuch-oldenburg.de\/index.php?rest_route=%2Fwp%2Fv2%2Fcategories&post=1095"},{"taxonomy":"post_tag","embeddable":true,"href":"http:\/\/www.blogbuch-oldenburg.de\/index.php?rest_route=%2Fwp%2Fv2%2Ftags&post=1095"}],"curies":[{"name":"wp","href":"https:\/\/api.w.org\/{rel}","templated":true}]}}