{"id":1104,"date":"2015-07-31T00:43:19","date_gmt":"2015-07-30T22:43:19","guid":{"rendered":"http:\/\/www.blogbuch-oldenburg.de\/?p=1104"},"modified":"2016-02-24T10:46:43","modified_gmt":"2016-02-24T08:46:43","slug":"damals-wie-heute-12","status":"publish","type":"post","link":"http:\/\/www.blogbuch-oldenburg.de\/?p=1104","title":{"rendered":"Damals wie heute [ 12 ]"},"content":{"rendered":"<p>Nat\u00fcrlich w\u00fcrde man gerne die Geschichte des ersten Oldenburger Stadtschreibers unter den Tisch kehren &#8211; aber wie das meiste, was man gerne unter den Tisch kehren w\u00fcrde, hat sich auch diese Geschichte verselbstst\u00e4ndigt und im gesamten Umland die Runde gemacht.<\/p>\n<p>Vor vielen Jahren war in den gro\u00dfen St\u00e4dten der Region die Mode aufgekommen, sich einen Stadtschreiber zu halten. Meist waren dies verschreckte,\u00a0bucklige Schreiberlein, die in einem Turmzimmer oder einer Kellerwohnung sa\u00dfen und f\u00fcr einen Hungerlohn Tag und Nacht alles verzeichneten, was in der Stadt geschah.<\/p>\n<p>Hannover hatte einen Stadtschreiber, Bremen hatte einen Stadtschreiber; und als man munkelte, Hamburg habe sogar drei Stadtschreiber, da war es dem gro\u00dfen H\u00e4uptling Anton genug und er beauftragte einen seiner Beamten damit, einen Stadtschreiber auch f\u00fcr Oldenburg zu finden.<\/p>\n<p>Trotz Turmzimmerchen, trotz bestem Hungerlohn und jeder Menge Material, das verarbeitet werden wollte, fand sich wochen-, gar monatelang kein buckliges Schreiberlein, dass sich in Oldenburg niederlassen wollte.<\/p>\n<p>Der gro\u00dfe H\u00e4uptling Anton fasste sich ein Herz, setzte sich in seine Kutsche und fuhr nach Hamburg, von wo er wenige Tage sp\u00e4ter zusammen mit einem unf\u00f6rmigen Sack wieder zur\u00fcckkam. Er lie\u00df es sich nicht nehmen, den Sack h\u00f6chstpers\u00f6nlich hoch ins Turmzimmerchen zu schleppen. Oben angekommen sch\u00fcttelte er ihn noch ein wenig, langte hinein und bef\u00f6rderte schlie\u00dflich das pr\u00e4chtigste bucklige Schreiberlein zutage, das die Stadt jemals gesehen hatte.<\/p>\n<p>Jetzt also Oldenburg, sagte der gro\u00dfe H\u00e4uptling Anton noch, bevor er dem M\u00e4nnlein auf die Schulter klopfte, ihm eine Feder in die Hand dr\u00fcckte und das Turmzimmer verlie\u00df.<\/p>\n","protected":false},"excerpt":{"rendered":"<p>Nat\u00fcrlich w\u00fcrde man gerne die Geschichte des ersten Oldenburger Stadtschreibers unter den Tisch kehren &#8211; aber wie das meiste, was man gerne unter den Tisch kehren w\u00fcrde, hat sich auch diese Geschichte verselbstst\u00e4ndigt und im gesamten Umland die Runde gemacht. &hellip; <a href=\"http:\/\/www.blogbuch-oldenburg.de\/?p=1104\">Weiterlesen <span class=\"meta-nav\">&rarr;<\/span><\/a><\/p>\n","protected":false},"author":1,"featured_media":0,"comment_status":"closed","ping_status":"closed","sticky":false,"template":"","format":"standard","meta":[],"categories":[7],"tags":[],"_links":{"self":[{"href":"http:\/\/www.blogbuch-oldenburg.de\/index.php?rest_route=\/wp\/v2\/posts\/1104"}],"collection":[{"href":"http:\/\/www.blogbuch-oldenburg.de\/index.php?rest_route=\/wp\/v2\/posts"}],"about":[{"href":"http:\/\/www.blogbuch-oldenburg.de\/index.php?rest_route=\/wp\/v2\/types\/post"}],"author":[{"embeddable":true,"href":"http:\/\/www.blogbuch-oldenburg.de\/index.php?rest_route=\/wp\/v2\/users\/1"}],"replies":[{"embeddable":true,"href":"http:\/\/www.blogbuch-oldenburg.de\/index.php?rest_route=%2Fwp%2Fv2%2Fcomments&post=1104"}],"version-history":[{"count":3,"href":"http:\/\/www.blogbuch-oldenburg.de\/index.php?rest_route=\/wp\/v2\/posts\/1104\/revisions"}],"predecessor-version":[{"id":1107,"href":"http:\/\/www.blogbuch-oldenburg.de\/index.php?rest_route=\/wp\/v2\/posts\/1104\/revisions\/1107"}],"wp:attachment":[{"href":"http:\/\/www.blogbuch-oldenburg.de\/index.php?rest_route=%2Fwp%2Fv2%2Fmedia&parent=1104"}],"wp:term":[{"taxonomy":"category","embeddable":true,"href":"http:\/\/www.blogbuch-oldenburg.de\/index.php?rest_route=%2Fwp%2Fv2%2Fcategories&post=1104"},{"taxonomy":"post_tag","embeddable":true,"href":"http:\/\/www.blogbuch-oldenburg.de\/index.php?rest_route=%2Fwp%2Fv2%2Ftags&post=1104"}],"curies":[{"name":"wp","href":"https:\/\/api.w.org\/{rel}","templated":true}]}}