{"id":1108,"date":"2015-07-31T00:42:15","date_gmt":"2015-07-30T22:42:15","guid":{"rendered":"http:\/\/www.blogbuch-oldenburg.de\/?p=1108"},"modified":"2016-02-24T10:46:30","modified_gmt":"2016-02-24T08:46:30","slug":"das-starke-geschlecht-13","status":"publish","type":"post","link":"http:\/\/www.blogbuch-oldenburg.de\/?p=1108","title":{"rendered":"Das starke Geschlecht [ 13 ]"},"content":{"rendered":"<p>Aber einmal war es selbst in Oldenburg soweit: Es stand so schlecht um die Stadt, dass der gro\u00dfe H\u00e4uptling Anton meinte, es sei alles verloren, der Untergang stehe unmittelbar bevor. Oldenburgs Ende, so schien v\u00f6llig klar zu sein, war besiegelt.<\/p>\n<p>Dabei war die R\u00e4uberschar, die sich am fr\u00fchen Morgen durch ein nur nachl\u00e4ssig verschlossenes Stadttor geschlichen hatte, gar nicht einmal gr\u00f6\u00dfer als die Gruppen, die man sonst schon aus der Ferne kommen sah und sich manchmal so sehr \u00fcber sie moquierte, dass man sie versehentlich in die Stadt gelangen lie\u00df &#8211; wo man sie dann, zur allgemeinen Belustigung, f\u00fcr ein paar Tage in die so typischen Oldenburger Erdl\u00f6cher steckte.<\/p>\n<p>Gr\u00f6\u00dfer war die R\u00e4uberschar also nicht. Aber sie war bis an die Z\u00e4hne bewaffnet, ausstaffiert mit Tierfellen, die Gesichter bemalt mit etwas, das nach Blut aussah; den Kindern schauderte es, den M\u00e4nnern schauderte es, selbst der gro\u00dfe H\u00e4uptling war ratlos.<\/p>\n<p>Einzig die Frauen von Oldenburg nahmen sich ein Herz, stiegen &#8211; als w\u00e4re es vereinbart worden; als sei es unausgesprochene Pflicht aller B\u00fcrgerinnen &#8211; in die oberen Geschosse ihrer H\u00e4user hinauf, \u00f6ffneten die Fenster &#8211; und lie\u00dfen ihr Haar herab.<\/p>\n<p>Blondes, braunes und schwarzes Haar wogte durch die Stra\u00dfen der Stadt, erf\u00fcllte jeden Winkel und brandete sogar gegen die Stadttore an. Die Banditen verfingen sich in den h\u00fcfthohen Haarstr\u00e4hnen, stolperten, und wer von ihnen sich einmal verfing, f\u00fcr den gab es keine Rettung mehr.<\/p>\n<p>Nach einigen Stunden blieb den Oldenburger M\u00e4nnern nichts weiter zu tun, als herzugehen und die R\u00e4uber aus den Haaren ihrer Frauen zu pfl\u00fccken. Einer von ihnen, der J\u00fcngste, soll von einer gewissen Dame aus gutem Hause unterschlagen worden sein &#8211; was sp\u00e4ter aufs vehementeste dementiert wurde, nat\u00fcrlich.<\/p>\n","protected":false},"excerpt":{"rendered":"<p>Aber einmal war es selbst in Oldenburg soweit: Es stand so schlecht um die Stadt, dass der gro\u00dfe H\u00e4uptling Anton meinte, es sei alles verloren, der Untergang stehe unmittelbar bevor. Oldenburgs Ende, so schien v\u00f6llig klar zu sein, war besiegelt. &hellip; <a href=\"http:\/\/www.blogbuch-oldenburg.de\/?p=1108\">Weiterlesen <span class=\"meta-nav\">&rarr;<\/span><\/a><\/p>\n","protected":false},"author":1,"featured_media":0,"comment_status":"closed","ping_status":"closed","sticky":false,"template":"","format":"standard","meta":[],"categories":[7],"tags":[],"_links":{"self":[{"href":"http:\/\/www.blogbuch-oldenburg.de\/index.php?rest_route=\/wp\/v2\/posts\/1108"}],"collection":[{"href":"http:\/\/www.blogbuch-oldenburg.de\/index.php?rest_route=\/wp\/v2\/posts"}],"about":[{"href":"http:\/\/www.blogbuch-oldenburg.de\/index.php?rest_route=\/wp\/v2\/types\/post"}],"author":[{"embeddable":true,"href":"http:\/\/www.blogbuch-oldenburg.de\/index.php?rest_route=\/wp\/v2\/users\/1"}],"replies":[{"embeddable":true,"href":"http:\/\/www.blogbuch-oldenburg.de\/index.php?rest_route=%2Fwp%2Fv2%2Fcomments&post=1108"}],"version-history":[{"count":2,"href":"http:\/\/www.blogbuch-oldenburg.de\/index.php?rest_route=\/wp\/v2\/posts\/1108\/revisions"}],"predecessor-version":[{"id":1114,"href":"http:\/\/www.blogbuch-oldenburg.de\/index.php?rest_route=\/wp\/v2\/posts\/1108\/revisions\/1114"}],"wp:attachment":[{"href":"http:\/\/www.blogbuch-oldenburg.de\/index.php?rest_route=%2Fwp%2Fv2%2Fmedia&parent=1108"}],"wp:term":[{"taxonomy":"category","embeddable":true,"href":"http:\/\/www.blogbuch-oldenburg.de\/index.php?rest_route=%2Fwp%2Fv2%2Fcategories&post=1108"},{"taxonomy":"post_tag","embeddable":true,"href":"http:\/\/www.blogbuch-oldenburg.de\/index.php?rest_route=%2Fwp%2Fv2%2Ftags&post=1108"}],"curies":[{"name":"wp","href":"https:\/\/api.w.org\/{rel}","templated":true}]}}