{"id":1116,"date":"2015-07-31T00:40:19","date_gmt":"2015-07-30T22:40:19","guid":{"rendered":"http:\/\/www.blogbuch-oldenburg.de\/?p=1116"},"modified":"2016-02-24T10:45:38","modified_gmt":"2016-02-24T08:45:38","slug":"eine-art-baumhaus-15","status":"publish","type":"post","link":"http:\/\/www.blogbuch-oldenburg.de\/?p=1116","title":{"rendered":"Eine Art Baumhaus [ 15 ]"},"content":{"rendered":"<p>Besonders bemerkenswert aber war der Tag, als die Oldenburger aufwachten und feststellten, dass sich ihr pr\u00e4chtiges Schloss knappe acht Meter \u00fcber den Boden erhoben hatte. Das Geschrei und Gezeter war gro\u00df; erst sollten\u2019s mal wieder die Hamburger gewesen sein, dann die Bremer, und nach kurzer Zeit schon suchte man die Schuld bei wahlweise den D\u00e4nen, den Katholiken oder dem Beelzebub.<\/p>\n<p>Nach genauerer Untersuchung stellte sich dann heraus, dass keiner der Beschuldigten etwas mit der Angelegenheit zu tun gehabt haben konnte. Das Schloss war weder von Manneshand noch von schwarzer Magie aus seinem Fundament gerissen worden, sondern von einem massiven Eichenwald.<\/p>\n<p>Die B\u00e4ume wuchsen so eng beieinander, dass sie ganze Geb\u00e4udetrakte in die Luft hoben, ohne sie zu zerreissen. Ihre Kronen pressten so gleichm\u00e4\u00dfig von unten gegen die alte Wasserburg, dass sie keine andere Wahl gehabt hatte, als mit den B\u00e4umen aus dem Boden zu wachsen.<\/p>\n<p>Der Stadtschreiber, der sich sofort durch alte Aufzeichnungen w\u00fchlte, fand, dass das Schloss vor \u00fcber tausend Jahren auf Pf\u00e4hlen aus Eichen gegr\u00fcndet worden war. Wie die B\u00e4ume nun, nach all der Zeit, wieder zum Leben erwachen konnten, stand da nicht. Vielleicht hatte es etwas mit dem \u00fcberaus warmen, regenreichen Fr\u00fchling zu tun gehabt.<\/p>\n<p>\u201eGro\u00dfer H\u00e4uptling\u201c, wandte sich der Stadtschreiber an Anton G\u00fcnther, \u201eSie werden fortan mit einer Art Baumhaus vorlieb nehmen m\u00fcssen.\u201c<\/p>\n","protected":false},"excerpt":{"rendered":"<p>Besonders bemerkenswert aber war der Tag, als die Oldenburger aufwachten und feststellten, dass sich ihr pr\u00e4chtiges Schloss knappe acht Meter \u00fcber den Boden erhoben hatte. Das Geschrei und Gezeter war gro\u00df; erst sollten\u2019s mal wieder die Hamburger gewesen sein, dann &hellip; <a href=\"http:\/\/www.blogbuch-oldenburg.de\/?p=1116\">Weiterlesen <span class=\"meta-nav\">&rarr;<\/span><\/a><\/p>\n","protected":false},"author":1,"featured_media":0,"comment_status":"closed","ping_status":"closed","sticky":false,"template":"","format":"standard","meta":[],"categories":[7],"tags":[],"_links":{"self":[{"href":"http:\/\/www.blogbuch-oldenburg.de\/index.php?rest_route=\/wp\/v2\/posts\/1116"}],"collection":[{"href":"http:\/\/www.blogbuch-oldenburg.de\/index.php?rest_route=\/wp\/v2\/posts"}],"about":[{"href":"http:\/\/www.blogbuch-oldenburg.de\/index.php?rest_route=\/wp\/v2\/types\/post"}],"author":[{"embeddable":true,"href":"http:\/\/www.blogbuch-oldenburg.de\/index.php?rest_route=\/wp\/v2\/users\/1"}],"replies":[{"embeddable":true,"href":"http:\/\/www.blogbuch-oldenburg.de\/index.php?rest_route=%2Fwp%2Fv2%2Fcomments&post=1116"}],"version-history":[{"count":2,"href":"http:\/\/www.blogbuch-oldenburg.de\/index.php?rest_route=\/wp\/v2\/posts\/1116\/revisions"}],"predecessor-version":[{"id":1118,"href":"http:\/\/www.blogbuch-oldenburg.de\/index.php?rest_route=\/wp\/v2\/posts\/1116\/revisions\/1118"}],"wp:attachment":[{"href":"http:\/\/www.blogbuch-oldenburg.de\/index.php?rest_route=%2Fwp%2Fv2%2Fmedia&parent=1116"}],"wp:term":[{"taxonomy":"category","embeddable":true,"href":"http:\/\/www.blogbuch-oldenburg.de\/index.php?rest_route=%2Fwp%2Fv2%2Fcategories&post=1116"},{"taxonomy":"post_tag","embeddable":true,"href":"http:\/\/www.blogbuch-oldenburg.de\/index.php?rest_route=%2Fwp%2Fv2%2Ftags&post=1116"}],"curies":[{"name":"wp","href":"https:\/\/api.w.org\/{rel}","templated":true}]}}