{"id":1123,"date":"2015-07-31T00:38:08","date_gmt":"2015-07-30T22:38:08","guid":{"rendered":"http:\/\/www.blogbuch-oldenburg.de\/?p=1123"},"modified":"2016-02-24T10:44:55","modified_gmt":"2016-02-24T08:44:55","slug":"das-grasnarbenfest-17","status":"publish","type":"post","link":"http:\/\/www.blogbuch-oldenburg.de\/?p=1123","title":{"rendered":"Das Grasnarbenfest [ 17 ]"},"content":{"rendered":"<p>Das wundersamste Fest, das in Oldenburg gefeiert wird, ist wohl das <i>Grasnarbenfest<\/i>. Leider ist au\u00dferhalb von Oldenburg kaum etwas davon bekannt; was daran liegt, dass bei dem Fest die Anwesenheit von Ausfl\u00fcglern verboten ist. Zu schlechte Erfahrungen hat man in Oldenburg mit Fremden gemacht, die w\u00e4hrend des Grasnarbenfestes abseits stehen, an ihrem Bier s\u00fcckeln und sich verhalten \u00fcber die Oldenburger mokieren: Wie sie sich im Vorfr\u00fchling im Schlossgarten versammeln, niederknien, und bei lauter Musik und jeder Menge Bier solange am Gras ziehen, bis es ihrer Meinung nach schon etwas l\u00e4nger geworden ist. Nat\u00fcrlich wird dabei auch regelm\u00e4\u00dfig mehr Gras herausgerupft, als es den G\u00e4rtnern lieb sein kann. Aber die Tradition diktiert nun mal, dass in Oldenburg das Gras schneller w\u00e4chst, wenn man daran zieht. Und das kam so:<\/p>\n<p>Als der Schlossgarten angelegt wurde, wurde ein bekannter Gartenbauer eingestellt. Gro\u00dfe G\u00e4rten hatte der bereits in Potsdam und Hannover angelegt. Sandiger Untergrund war ihm mehr als gel\u00e4ufig; das nasse Terrain, auf dem sich Oldenburg befindet, war buchst\u00e4blich &#8211; Neuland. Und w\u00e4hrend die Terrassen und Pavillons und Wege Form annahmen, sah es mit der Pflanzenwelt noch sp\u00e4rlich aus. Vor allem der\u00a0Rasen bereitete den Oldenburgern Kummer. Er wollte einfach nicht wachsen. Sie beschwerten sich so lange \u00fcber die Langsamkeit des Vorhabens, bis\u00a0der bekannte Gartenbauer den Vertrag k\u00fcndigte.<\/p>\n<p>Ganz gesichert ist es nicht, aber als der Herzog ihn bei seiner Abreise fragte: \u201eJa, was sollen wir denn jetzt mit dem Gras machen?!\u201c, da soll der bekannte Gartenbauer geantwortet haben: \u201eNu, immer t\u00fcchtig daran ziehen!\u201c Aber wie gesagt, ganz gesichert ist es nicht.<\/p>\n","protected":false},"excerpt":{"rendered":"<p>Das wundersamste Fest, das in Oldenburg gefeiert wird, ist wohl das Grasnarbenfest. Leider ist au\u00dferhalb von Oldenburg kaum etwas davon bekannt; was daran liegt, dass bei dem Fest die Anwesenheit von Ausfl\u00fcglern verboten ist. Zu schlechte Erfahrungen hat man in &hellip; <a href=\"http:\/\/www.blogbuch-oldenburg.de\/?p=1123\">Weiterlesen <span class=\"meta-nav\">&rarr;<\/span><\/a><\/p>\n","protected":false},"author":1,"featured_media":0,"comment_status":"closed","ping_status":"closed","sticky":false,"template":"","format":"standard","meta":[],"categories":[7],"tags":[],"_links":{"self":[{"href":"http:\/\/www.blogbuch-oldenburg.de\/index.php?rest_route=\/wp\/v2\/posts\/1123"}],"collection":[{"href":"http:\/\/www.blogbuch-oldenburg.de\/index.php?rest_route=\/wp\/v2\/posts"}],"about":[{"href":"http:\/\/www.blogbuch-oldenburg.de\/index.php?rest_route=\/wp\/v2\/types\/post"}],"author":[{"embeddable":true,"href":"http:\/\/www.blogbuch-oldenburg.de\/index.php?rest_route=\/wp\/v2\/users\/1"}],"replies":[{"embeddable":true,"href":"http:\/\/www.blogbuch-oldenburg.de\/index.php?rest_route=%2Fwp%2Fv2%2Fcomments&post=1123"}],"version-history":[{"count":3,"href":"http:\/\/www.blogbuch-oldenburg.de\/index.php?rest_route=\/wp\/v2\/posts\/1123\/revisions"}],"predecessor-version":[{"id":1126,"href":"http:\/\/www.blogbuch-oldenburg.de\/index.php?rest_route=\/wp\/v2\/posts\/1123\/revisions\/1126"}],"wp:attachment":[{"href":"http:\/\/www.blogbuch-oldenburg.de\/index.php?rest_route=%2Fwp%2Fv2%2Fmedia&parent=1123"}],"wp:term":[{"taxonomy":"category","embeddable":true,"href":"http:\/\/www.blogbuch-oldenburg.de\/index.php?rest_route=%2Fwp%2Fv2%2Fcategories&post=1123"},{"taxonomy":"post_tag","embeddable":true,"href":"http:\/\/www.blogbuch-oldenburg.de\/index.php?rest_route=%2Fwp%2Fv2%2Ftags&post=1123"}],"curies":[{"name":"wp","href":"https:\/\/api.w.org\/{rel}","templated":true}]}}