{"id":1147,"date":"2015-07-31T00:31:43","date_gmt":"2015-07-30T22:31:43","guid":{"rendered":"http:\/\/www.blogbuch-oldenburg.de\/?p=1147"},"modified":"2016-02-24T10:42:26","modified_gmt":"2016-02-24T08:42:26","slug":"italienische-reise-24","status":"publish","type":"post","link":"http:\/\/www.blogbuch-oldenburg.de\/?p=1147","title":{"rendered":"Italienische Reise [ 24 ]"},"content":{"rendered":"<p>Und dann kam irgendwann die Mode auf, in den S\u00fcden zu reisen. Die Heide reichte pl\u00f6tzlich nicht mehr; Hamburg, Kopenhagen und Paris schienen fad, abgeschmackt und nichtssagend. Die gr\u00f6\u00dften Gelehrten und Denker aller L\u00e4nder zog es in ein Land, das da hie\u00df: Italien. Von ihren Abenteuern und Erkenntnissen wurde man daheim bestens unterrichtet durch die B\u00fccher, die nach der R\u00fcckkehr ver\u00f6ffentlicht wurden. Schnell wurde klar: Kein Leben war komplett ohne jene gro\u00dfe Reise! Keine Bildung umfassend ohne jenen Erfahrungsschatz, den man nur im S\u00fcden sammeln konnte!<\/p>\n<p>So wurde der Druck auch auf die Oldenburger Gelehrten immer gr\u00f6\u00dfer &#8211; bis sich ein erstes Expeditions-Gr\u00fcppchen ein Herz fasste und im Morgengrauen eines Apriltages sich in eine Postkutsche setzte. Ziel: Italien. Man hatte eigene Bettw\u00e4sche dabei (von den Herbergen in den Alpen wurde Schreckliches berichtet), Pistolen (von den Herbergsv\u00e4tern noch \u00c4rgeres) und schlie\u00dflich ausladende H\u00fcte gegen die S\u00fcdsonne.<\/p>\n<p>Doch kaum war die Expedition abgereist, noch im Dunkel der Nacht, senkte sich ein Nebel \u00fcber den Norden, dem Kutscher wurde es bang, Trost brachte eine Flasche Korne, die er unter seiner Lederjoppe mit sich trug (nat\u00fcrlich, die Drachen). Einige Tage lang also fuhr man durch jenen undurchdringlichen Nebel; ab und zu meinten die Reisenden, Anh\u00f6hen zu passieren, gar an Luftnot zu leiden &#8211; das, so sagten sie sich, m\u00fcssten dann wohl die Alpen sein. Als es viele Tage sp\u00e4ter aufklarte, hatten sie gerade ein St\u00e4dtchen erreicht. Die erste Stadt in Italien, so versicherten sich die Reisenden gegenseitig. Der Kutscher schwieg. Die Flasche war schon lange leer. Im Kreis gefahren, er?<\/p>\n<p>Wie sonderbar es sich doch mit diesem Italien verhielt! Das Wetter war tats\u00e4chlich vorteilhaft; hei\u00df beinahe &#8211; doch alles in allem, wenn man sich das St\u00e4dtchen besah, Oldenburg sehr, sehr \u00e4hnlich. Beinahe identisch! Das Schloss, die Kirchen, Kapellen und T\u00fcrme &#8230; \u00a0Italien, so kam die Reisegruppe schnell \u00fcberein, habe sich in der Vergangenheit haupts\u00e4chlich an Oldenburg orientiert.\u00a0An Eigenst\u00e4ndigem g\u00e4be es wenig bis gar nichts.<\/p>\n","protected":false},"excerpt":{"rendered":"<p>Und dann kam irgendwann die Mode auf, in den S\u00fcden zu reisen. Die Heide reichte pl\u00f6tzlich nicht mehr; Hamburg, Kopenhagen und Paris schienen fad, abgeschmackt und nichtssagend. Die gr\u00f6\u00dften Gelehrten und Denker aller L\u00e4nder zog es in ein Land, das &hellip; <a href=\"http:\/\/www.blogbuch-oldenburg.de\/?p=1147\">Weiterlesen <span class=\"meta-nav\">&rarr;<\/span><\/a><\/p>\n","protected":false},"author":1,"featured_media":0,"comment_status":"closed","ping_status":"closed","sticky":false,"template":"","format":"standard","meta":[],"categories":[7],"tags":[],"_links":{"self":[{"href":"http:\/\/www.blogbuch-oldenburg.de\/index.php?rest_route=\/wp\/v2\/posts\/1147"}],"collection":[{"href":"http:\/\/www.blogbuch-oldenburg.de\/index.php?rest_route=\/wp\/v2\/posts"}],"about":[{"href":"http:\/\/www.blogbuch-oldenburg.de\/index.php?rest_route=\/wp\/v2\/types\/post"}],"author":[{"embeddable":true,"href":"http:\/\/www.blogbuch-oldenburg.de\/index.php?rest_route=\/wp\/v2\/users\/1"}],"replies":[{"embeddable":true,"href":"http:\/\/www.blogbuch-oldenburg.de\/index.php?rest_route=%2Fwp%2Fv2%2Fcomments&post=1147"}],"version-history":[{"count":2,"href":"http:\/\/www.blogbuch-oldenburg.de\/index.php?rest_route=\/wp\/v2\/posts\/1147\/revisions"}],"predecessor-version":[{"id":1149,"href":"http:\/\/www.blogbuch-oldenburg.de\/index.php?rest_route=\/wp\/v2\/posts\/1147\/revisions\/1149"}],"wp:attachment":[{"href":"http:\/\/www.blogbuch-oldenburg.de\/index.php?rest_route=%2Fwp%2Fv2%2Fmedia&parent=1147"}],"wp:term":[{"taxonomy":"category","embeddable":true,"href":"http:\/\/www.blogbuch-oldenburg.de\/index.php?rest_route=%2Fwp%2Fv2%2Fcategories&post=1147"},{"taxonomy":"post_tag","embeddable":true,"href":"http:\/\/www.blogbuch-oldenburg.de\/index.php?rest_route=%2Fwp%2Fv2%2Ftags&post=1147"}],"curies":[{"name":"wp","href":"https:\/\/api.w.org\/{rel}","templated":true}]}}