{"id":1152,"date":"2015-07-31T00:30:17","date_gmt":"2015-07-30T22:30:17","guid":{"rendered":"http:\/\/www.blogbuch-oldenburg.de\/?p=1152"},"modified":"2016-02-24T10:42:04","modified_gmt":"2016-02-24T08:42:04","slug":"eine-spitzenidee-25","status":"publish","type":"post","link":"http:\/\/www.blogbuch-oldenburg.de\/?p=1152","title":{"rendered":"Eine Spitzenidee [ 25 ]"},"content":{"rendered":"<p>Im Osten aber lebte der blutr\u00fcnstige Stamm der Preussen; bekannt war er vor allem f\u00fcr sein Milit\u00e4r, und speziell f\u00fcr die Helme, die er den Angeh\u00f6rigen desselben aufsetzte. \u201eHelm mit Spitze\u201c sollten die offiziell hei\u00dfen. Genannt wurden sie trotzdem blo\u00df Pickelhauben, wegen der pieksigen Spitze. Angeblich sollte die Spitze Hiebe ablenken und so den Tr\u00e4ger des Helms sch\u00fctzen.<\/p>\n<p>Die Oldenburger erkannten direkt, dass die Sache mit dem Hiebe ablenken blo\u00df ein lascher Vorwand vor. Der eigentliche Vorzug jener Pickelhauben lag darin, den Tr\u00e4ger m\u00f6glichst l\u00e4ssig aussehen zu lassen. Preussisch wollten die Oldenburger sicher nicht sein. Aber l\u00e4ssig auf alle F\u00e4lle. Es dauerte nicht lange, und der <i>Helm mit Spitze<\/i> wurde auch in Oldenburg eingef\u00fchrt. Das war im Fr\u00fchling. Und was f\u00fcr ein Fr\u00fchling das war!<\/p>\n<p>Aber dann kam der Sommer. Es half ja nichts. Und mit dem Sommer die Sommergewitter. Beim ersten Treffer wurde noch tapfer geschwiegen. Beim Zweiten schon nicht mehr so. Und als schlie\u00dflich der dritte Soldat mit Pickelhaube vom Blitz getroffen wurde, da wurde es selbst dem Milit\u00e4r zu heikel. Die Hauben wurden flugs wieder abgeschafft. Diese Dinger, schrieben die Offiziere, wurden von den Preussen ersonnen, die Feinde zu blenden. Nicht aber die Oldenburger! Verkohlen k\u00f6nne man sich schlie\u00dflich selber.<\/p>\n","protected":false},"excerpt":{"rendered":"<p>Im Osten aber lebte der blutr\u00fcnstige Stamm der Preussen; bekannt war er vor allem f\u00fcr sein Milit\u00e4r, und speziell f\u00fcr die Helme, die er den Angeh\u00f6rigen desselben aufsetzte. \u201eHelm mit Spitze\u201c sollten die offiziell hei\u00dfen. Genannt wurden sie trotzdem blo\u00df &hellip; <a href=\"http:\/\/www.blogbuch-oldenburg.de\/?p=1152\">Weiterlesen <span class=\"meta-nav\">&rarr;<\/span><\/a><\/p>\n","protected":false},"author":1,"featured_media":0,"comment_status":"closed","ping_status":"closed","sticky":false,"template":"","format":"standard","meta":[],"categories":[7],"tags":[],"_links":{"self":[{"href":"http:\/\/www.blogbuch-oldenburg.de\/index.php?rest_route=\/wp\/v2\/posts\/1152"}],"collection":[{"href":"http:\/\/www.blogbuch-oldenburg.de\/index.php?rest_route=\/wp\/v2\/posts"}],"about":[{"href":"http:\/\/www.blogbuch-oldenburg.de\/index.php?rest_route=\/wp\/v2\/types\/post"}],"author":[{"embeddable":true,"href":"http:\/\/www.blogbuch-oldenburg.de\/index.php?rest_route=\/wp\/v2\/users\/1"}],"replies":[{"embeddable":true,"href":"http:\/\/www.blogbuch-oldenburg.de\/index.php?rest_route=%2Fwp%2Fv2%2Fcomments&post=1152"}],"version-history":[{"count":1,"href":"http:\/\/www.blogbuch-oldenburg.de\/index.php?rest_route=\/wp\/v2\/posts\/1152\/revisions"}],"predecessor-version":[{"id":1153,"href":"http:\/\/www.blogbuch-oldenburg.de\/index.php?rest_route=\/wp\/v2\/posts\/1152\/revisions\/1153"}],"wp:attachment":[{"href":"http:\/\/www.blogbuch-oldenburg.de\/index.php?rest_route=%2Fwp%2Fv2%2Fmedia&parent=1152"}],"wp:term":[{"taxonomy":"category","embeddable":true,"href":"http:\/\/www.blogbuch-oldenburg.de\/index.php?rest_route=%2Fwp%2Fv2%2Fcategories&post=1152"},{"taxonomy":"post_tag","embeddable":true,"href":"http:\/\/www.blogbuch-oldenburg.de\/index.php?rest_route=%2Fwp%2Fv2%2Ftags&post=1152"}],"curies":[{"name":"wp","href":"https:\/\/api.w.org\/{rel}","templated":true}]}}