{"id":1170,"date":"2015-07-31T00:23:55","date_gmt":"2015-07-30T22:23:55","guid":{"rendered":"http:\/\/www.blogbuch-oldenburg.de\/?p=1170"},"modified":"2016-02-24T10:39:28","modified_gmt":"2016-02-24T08:39:28","slug":"die-ruhestoerung-32","status":"publish","type":"post","link":"http:\/\/www.blogbuch-oldenburg.de\/?p=1170","title":{"rendered":"Die Ruhest\u00f6rung [ 32 ]"},"content":{"rendered":"<p>Der n\u00e4chste Tag kam z\u00f6gerlich. Der Morgen zog diesig herauf; Nebelschwaden waberten durch die Stadt und \u00fcberzogen alles mit einem silbrigen Film. Diejenigen, deren H\u00e4user am Vortag mit einem Kreuz markiert worden waren, sa\u00dfen am Fenster und harrten der Dinge, die durch den Nebel kommen w\u00fcrden.<\/p>\n<p>Selbstverst\u00e4ndlich hatte man Witze \u00fcber den wirren Alten mit seinem Fellumhang gemacht; aber merkw\u00fcrdig war es doch gewesen, dass sich seine Kreuze &#8211; obwohl doch aus Kreide! &#8211; nicht hatten wegwischen lassen. Egal mit welchem Mittel man sie beschmierte und versuchte, abzureiben &#8211; sie hafteten den H\u00e4usern an, ohne dass die Bewohner genau wussten, was es mit diesen Zeichen eigentlich auf sich hatte.<\/p>\n<p>Als es zur achten Stunde schlug und sich in den Stra\u00dfen der Stadt schon l\u00e4ngst rege Gesch\u00e4ftigkeit h\u00e4tte ausbreiten m\u00fcssen, war es noch immer auffallend ruhig und leer. Der letzte Glockenschlag verklang &#8211; und durch die Nebelschwaden wankte ein Wesen, d\u00fcnn, hager, \u00fcber und \u00fcber mit Morast bedeckt, das Haar verklebt, das Gesicht kaum erkennbar.<\/p>\n<p>Hinter den Fenstern wurde zu Gewehren gegriffen, die Offiziere wurden verst\u00e4ndigt. Kurz bevor ein beliebter B\u00e4cker die Gestalt aus dem Moor beinahe erschossen h\u00e4tte, schrie ein Kind: \u201eDas ist ja gar keine Moorleiche, das ist doch der Sch\u00e4fer Lampe!!\u201c Es war wirklich ein Sauwetter gewesen, drau\u00dfen, vor den Toren der Stadt. Von Untoten wusste Sch\u00e4fer Lampe nichts zu berichten.<\/p>\n","protected":false},"excerpt":{"rendered":"<p>Der n\u00e4chste Tag kam z\u00f6gerlich. Der Morgen zog diesig herauf; Nebelschwaden waberten durch die Stadt und \u00fcberzogen alles mit einem silbrigen Film. Diejenigen, deren H\u00e4user am Vortag mit einem Kreuz markiert worden waren, sa\u00dfen am Fenster und harrten der Dinge, &hellip; <a href=\"http:\/\/www.blogbuch-oldenburg.de\/?p=1170\">Weiterlesen <span class=\"meta-nav\">&rarr;<\/span><\/a><\/p>\n","protected":false},"author":1,"featured_media":0,"comment_status":"closed","ping_status":"closed","sticky":false,"template":"","format":"standard","meta":[],"categories":[7],"tags":[],"_links":{"self":[{"href":"http:\/\/www.blogbuch-oldenburg.de\/index.php?rest_route=\/wp\/v2\/posts\/1170"}],"collection":[{"href":"http:\/\/www.blogbuch-oldenburg.de\/index.php?rest_route=\/wp\/v2\/posts"}],"about":[{"href":"http:\/\/www.blogbuch-oldenburg.de\/index.php?rest_route=\/wp\/v2\/types\/post"}],"author":[{"embeddable":true,"href":"http:\/\/www.blogbuch-oldenburg.de\/index.php?rest_route=\/wp\/v2\/users\/1"}],"replies":[{"embeddable":true,"href":"http:\/\/www.blogbuch-oldenburg.de\/index.php?rest_route=%2Fwp%2Fv2%2Fcomments&post=1170"}],"version-history":[{"count":2,"href":"http:\/\/www.blogbuch-oldenburg.de\/index.php?rest_route=\/wp\/v2\/posts\/1170\/revisions"}],"predecessor-version":[{"id":1174,"href":"http:\/\/www.blogbuch-oldenburg.de\/index.php?rest_route=\/wp\/v2\/posts\/1170\/revisions\/1174"}],"wp:attachment":[{"href":"http:\/\/www.blogbuch-oldenburg.de\/index.php?rest_route=%2Fwp%2Fv2%2Fmedia&parent=1170"}],"wp:term":[{"taxonomy":"category","embeddable":true,"href":"http:\/\/www.blogbuch-oldenburg.de\/index.php?rest_route=%2Fwp%2Fv2%2Fcategories&post=1170"},{"taxonomy":"post_tag","embeddable":true,"href":"http:\/\/www.blogbuch-oldenburg.de\/index.php?rest_route=%2Fwp%2Fv2%2Ftags&post=1170"}],"curies":[{"name":"wp","href":"https:\/\/api.w.org\/{rel}","templated":true}]}}