{"id":1188,"date":"2015-07-31T00:20:35","date_gmt":"2015-07-30T22:20:35","guid":{"rendered":"http:\/\/www.blogbuch-oldenburg.de\/?p=1188"},"modified":"2016-02-24T10:38:18","modified_gmt":"2016-02-24T08:38:18","slug":"rauschlos-in-oldenburg-35","status":"publish","type":"post","link":"http:\/\/www.blogbuch-oldenburg.de\/?p=1188","title":{"rendered":"Rauschlos in Oldenburg [ 35 ]"},"content":{"rendered":"<p>Die Angelegenheit mit dem Kaffee hat bis heute niemand so richtig verstanden. Aus Gr\u00fcnden des Taktgef\u00fchls sollte daher davon abgesehen werden, in Anwesenheit von Oldenburgern Kaffee zu trinken &#8211; es k\u00f6nnte zu erheblichen Verwirrungen f\u00fchren, deren Konsequenzen hinreichend bekannt sind.<\/p>\n<p><!--more-->Der Grund f\u00fcr jene intuitive Ablehnung des Bohnengetr\u00e4nks liegt begr\u00fcndet an dem Tag, als ein wohlmeinender Landsmann im s\u00fcdlichen Exil &#8211; gerade zur Zeit, als der Kaffee in Mode kam &#8211; aus Wien einen Sack gemahlenen Kaffees hoch in den Norden schickte. Und was haben sich die Oldenburger \u00fcber dieses gro\u00dfz\u00fcgige Geschenk gefreut! Allein, man wusste nicht, was damit anfangen. Die besten B\u00e4cker der Stadt versuchten sich daran, aus dem braunen Pulver ein Brot zu backen. Das Resultat war schrecklich. Schrecklicher war nur, das Pulver zu schnupfen. Oder es in den Brei zu r\u00fchren. Auch wuchs daraus nichts, wenn man es statt der beliebten Geranien in die T\u00f6pfe s\u00e4te. Die Hunde wollten es nicht fressen, die H\u00fchner nicht picken; angebraten wie ged\u00e4mpft schmeckte es einfach f\u00fcrchterlich, und ins Haar oder auf die Haut aufgetragen bewirkte es rein gar nichts.<\/p>\n<p>Kaffee, das lehrten jene Erfahrungen, ist etwas, was die Welt nicht braucht, Wien hin oder her.<\/p>\n","protected":false},"excerpt":{"rendered":"<p>Die Angelegenheit mit dem Kaffee hat bis heute niemand so richtig verstanden. Aus Gr\u00fcnden des Taktgef\u00fchls sollte daher davon abgesehen werden, in Anwesenheit von Oldenburgern Kaffee zu trinken &#8211; es k\u00f6nnte zu erheblichen Verwirrungen f\u00fchren, deren Konsequenzen hinreichend bekannt sind.<\/p>\n","protected":false},"author":1,"featured_media":0,"comment_status":"closed","ping_status":"closed","sticky":false,"template":"","format":"standard","meta":[],"categories":[7],"tags":[],"_links":{"self":[{"href":"http:\/\/www.blogbuch-oldenburg.de\/index.php?rest_route=\/wp\/v2\/posts\/1188"}],"collection":[{"href":"http:\/\/www.blogbuch-oldenburg.de\/index.php?rest_route=\/wp\/v2\/posts"}],"about":[{"href":"http:\/\/www.blogbuch-oldenburg.de\/index.php?rest_route=\/wp\/v2\/types\/post"}],"author":[{"embeddable":true,"href":"http:\/\/www.blogbuch-oldenburg.de\/index.php?rest_route=\/wp\/v2\/users\/1"}],"replies":[{"embeddable":true,"href":"http:\/\/www.blogbuch-oldenburg.de\/index.php?rest_route=%2Fwp%2Fv2%2Fcomments&post=1188"}],"version-history":[{"count":3,"href":"http:\/\/www.blogbuch-oldenburg.de\/index.php?rest_route=\/wp\/v2\/posts\/1188\/revisions"}],"predecessor-version":[{"id":1205,"href":"http:\/\/www.blogbuch-oldenburg.de\/index.php?rest_route=\/wp\/v2\/posts\/1188\/revisions\/1205"}],"wp:attachment":[{"href":"http:\/\/www.blogbuch-oldenburg.de\/index.php?rest_route=%2Fwp%2Fv2%2Fmedia&parent=1188"}],"wp:term":[{"taxonomy":"category","embeddable":true,"href":"http:\/\/www.blogbuch-oldenburg.de\/index.php?rest_route=%2Fwp%2Fv2%2Fcategories&post=1188"},{"taxonomy":"post_tag","embeddable":true,"href":"http:\/\/www.blogbuch-oldenburg.de\/index.php?rest_route=%2Fwp%2Fv2%2Ftags&post=1188"}],"curies":[{"name":"wp","href":"https:\/\/api.w.org\/{rel}","templated":true}]}}