{"id":1235,"date":"2015-07-31T00:08:22","date_gmt":"2015-07-30T22:08:22","guid":{"rendered":"http:\/\/www.blogbuch-oldenburg.de\/?p=1235"},"modified":"2016-02-24T10:34:13","modified_gmt":"2016-02-24T08:34:13","slug":"drei-blitze-46","status":"publish","type":"post","link":"http:\/\/www.blogbuch-oldenburg.de\/?p=1235","title":{"rendered":"Drei Blitze [ 46 ]"},"content":{"rendered":"<p>Nicht einmal\u00a0auf die Geb\u00e4ude war Verlass. Nat\u00fcrlich hatte man schon vorher von ihrer Eigenwilligkeit gewusst; die Radikalit\u00e4t,\u00a0 die sie unter der D\u00e4nenherrschaft an den Tag legten, kam dennoch als \u00dcberraschung.<\/p>\n<p><!--more-->\u00dcber die Jahre hatten die Oldenburger gelernt, auf die Zeichen zu achten, die ihre H\u00e4user ihnen gaben. Ein \u00c4chzen der Dielen? K\u00fcndigte vielleicht vom Tod eines Bekannten. Ein Knarzen der Balken? Ein Raub\u00fcberfall war im Verzug. \u00dcberm\u00e4\u00dfiges Schlagen der Fensterl\u00e4den? Deutete vielleicht auf einen baldigen Sturm hin.<\/p>\n<p>Als nun aber die H\u00e4user vor Emp\u00f6rung erbebten und knapp f\u00fcnf Stunden vor sich herr\u00fcttelten, ahnte man bereits, dass Schlimmes bevorstehen musste. Und wirklich: \u00fcber Oldenburg braute sich ein Sturm zusammen. Die H\u00e4user standen nun ganz still.<\/p>\n<p>Im Gewitter, das folgte, wurde Oldenburg von drei Blitzen getroffen. Die H\u00e4user nahmen das als Anlass, zu Schutt und Asche zu zerfallen. Unter den D\u00e4nen wollten sie wohl nicht bestehen. Ihre Bewohner haben sie \u00fcbrigens verschont: Kein einziger Oldenburger wurde bei dem Brand verletzt.<\/p>\n","protected":false},"excerpt":{"rendered":"<p>Nicht einmal\u00a0auf die Geb\u00e4ude war Verlass. Nat\u00fcrlich hatte man schon vorher von ihrer Eigenwilligkeit gewusst; die Radikalit\u00e4t,\u00a0 die sie unter der D\u00e4nenherrschaft an den Tag legten, kam dennoch als \u00dcberraschung.<\/p>\n","protected":false},"author":1,"featured_media":0,"comment_status":"closed","ping_status":"closed","sticky":false,"template":"","format":"standard","meta":[],"categories":[7],"tags":[],"_links":{"self":[{"href":"http:\/\/www.blogbuch-oldenburg.de\/index.php?rest_route=\/wp\/v2\/posts\/1235"}],"collection":[{"href":"http:\/\/www.blogbuch-oldenburg.de\/index.php?rest_route=\/wp\/v2\/posts"}],"about":[{"href":"http:\/\/www.blogbuch-oldenburg.de\/index.php?rest_route=\/wp\/v2\/types\/post"}],"author":[{"embeddable":true,"href":"http:\/\/www.blogbuch-oldenburg.de\/index.php?rest_route=\/wp\/v2\/users\/1"}],"replies":[{"embeddable":true,"href":"http:\/\/www.blogbuch-oldenburg.de\/index.php?rest_route=%2Fwp%2Fv2%2Fcomments&post=1235"}],"version-history":[{"count":2,"href":"http:\/\/www.blogbuch-oldenburg.de\/index.php?rest_route=\/wp\/v2\/posts\/1235\/revisions"}],"predecessor-version":[{"id":1237,"href":"http:\/\/www.blogbuch-oldenburg.de\/index.php?rest_route=\/wp\/v2\/posts\/1235\/revisions\/1237"}],"wp:attachment":[{"href":"http:\/\/www.blogbuch-oldenburg.de\/index.php?rest_route=%2Fwp%2Fv2%2Fmedia&parent=1235"}],"wp:term":[{"taxonomy":"category","embeddable":true,"href":"http:\/\/www.blogbuch-oldenburg.de\/index.php?rest_route=%2Fwp%2Fv2%2Fcategories&post=1235"},{"taxonomy":"post_tag","embeddable":true,"href":"http:\/\/www.blogbuch-oldenburg.de\/index.php?rest_route=%2Fwp%2Fv2%2Ftags&post=1235"}],"curies":[{"name":"wp","href":"https:\/\/api.w.org\/{rel}","templated":true}]}}