{"id":1244,"date":"2015-07-31T00:05:06","date_gmt":"2015-07-30T22:05:06","guid":{"rendered":"http:\/\/www.blogbuch-oldenburg.de\/?p=1244"},"modified":"2016-02-24T10:33:10","modified_gmt":"2016-02-24T08:33:10","slug":"die-konspiration-49","status":"publish","type":"post","link":"http:\/\/www.blogbuch-oldenburg.de\/?p=1244","title":{"rendered":"Die Konspiration [ 49 ]"},"content":{"rendered":"<p>Schlie\u00dflich begann sich Widerstand zu regen. Die z\u00fcndende Idee, wie die D\u00e4nen abzusch\u00fctteln seien, schien pl\u00f6tzlich auf der Hand zu liegen.\u00a0Denn eines hatten die Oldenburger selbst nach all den Jahren nicht vergessen: Das Ger\u00fccht, Graf Anton G\u00fcnther k\u00f6nne wieder auferstehen\u00a0und Oldenburg zur\u00fcck zu\u00a0Glanz und Glorie f\u00fchren.<\/p>\n<p><!--more-->Die D\u00e4nen hatten damals ebenfalls Notiz von dieser Geschichte genommen &#8211; daran erinnerte man sich genau. Die d\u00e4nische Milit\u00e4rpr\u00e4senz verbot jegliches auff\u00e4llige Verhalten und Treffen. Des nachts aber, wenn sich die Dunkelheit \u00fcber die Gassen senkte, trafen sich einige Schauspieler, Kaufm\u00e4nner und Journalisten im Keller eines ihrer H\u00e4user und heckten\u00a0einen Plan aus. Hatte man nicht einst sogar Napoleon in die Irre gef\u00fchrt? Es musste also machbar sein. Man w\u00fcrde die D\u00e4nen loswerden.<\/p>\n","protected":false},"excerpt":{"rendered":"<p>Schlie\u00dflich begann sich Widerstand zu regen. Die z\u00fcndende Idee, wie die D\u00e4nen abzusch\u00fctteln seien, schien pl\u00f6tzlich auf der Hand zu liegen.\u00a0Denn eines hatten die Oldenburger selbst nach all den Jahren nicht vergessen: Das Ger\u00fccht, Graf Anton G\u00fcnther k\u00f6nne wieder auferstehen\u00a0und &hellip; <a href=\"http:\/\/www.blogbuch-oldenburg.de\/?p=1244\">Weiterlesen <span class=\"meta-nav\">&rarr;<\/span><\/a><\/p>\n","protected":false},"author":1,"featured_media":0,"comment_status":"closed","ping_status":"closed","sticky":false,"template":"","format":"standard","meta":[],"categories":[7],"tags":[],"_links":{"self":[{"href":"http:\/\/www.blogbuch-oldenburg.de\/index.php?rest_route=\/wp\/v2\/posts\/1244"}],"collection":[{"href":"http:\/\/www.blogbuch-oldenburg.de\/index.php?rest_route=\/wp\/v2\/posts"}],"about":[{"href":"http:\/\/www.blogbuch-oldenburg.de\/index.php?rest_route=\/wp\/v2\/types\/post"}],"author":[{"embeddable":true,"href":"http:\/\/www.blogbuch-oldenburg.de\/index.php?rest_route=\/wp\/v2\/users\/1"}],"replies":[{"embeddable":true,"href":"http:\/\/www.blogbuch-oldenburg.de\/index.php?rest_route=%2Fwp%2Fv2%2Fcomments&post=1244"}],"version-history":[{"count":3,"href":"http:\/\/www.blogbuch-oldenburg.de\/index.php?rest_route=\/wp\/v2\/posts\/1244\/revisions"}],"predecessor-version":[{"id":1251,"href":"http:\/\/www.blogbuch-oldenburg.de\/index.php?rest_route=\/wp\/v2\/posts\/1244\/revisions\/1251"}],"wp:attachment":[{"href":"http:\/\/www.blogbuch-oldenburg.de\/index.php?rest_route=%2Fwp%2Fv2%2Fmedia&parent=1244"}],"wp:term":[{"taxonomy":"category","embeddable":true,"href":"http:\/\/www.blogbuch-oldenburg.de\/index.php?rest_route=%2Fwp%2Fv2%2Fcategories&post=1244"},{"taxonomy":"post_tag","embeddable":true,"href":"http:\/\/www.blogbuch-oldenburg.de\/index.php?rest_route=%2Fwp%2Fv2%2Ftags&post=1244"}],"curies":[{"name":"wp","href":"https:\/\/api.w.org\/{rel}","templated":true}]}}