{"id":1330,"date":"2016-09-20T10:00:43","date_gmt":"2016-09-20T08:00:43","guid":{"rendered":"http:\/\/www.blogbuch-oldenburg.de\/?p=1330"},"modified":"2017-03-27T09:28:46","modified_gmt":"2017-03-27T07:28:46","slug":"ein-postskriptum","status":"publish","type":"post","link":"http:\/\/www.blogbuch-oldenburg.de\/?p=1330","title":{"rendered":"Ein Postskriptum:"},"content":{"rendered":"<p>Ich m\u00f6chte alle Leser, die sich f\u00fcr das Thema \u201ePersonen im Gleis\u201c interessieren, ermutigen, einen kurzen Blick auf die informative Seite des ICE-Treffs zu werfen. Hier findet sich eine strukturelle Analyse, die das Problem von einer ganz anderen, weitaus weniger poetischen Seite beleuchtet, als ich es je k\u00f6nnte. Wer sich also auch schon einmal gefragt hat, ob Eisenbahnfotografen wirklich eine gef\u00e4hrdete Spezies sind, erh\u00e4lt hier vielleicht Antworten:<br \/>\n<a href=\"http:\/\/www.ice-treff.de\/index.php?mode=thread&amp;id=360831\">http:\/\/www.ice-treff.de\/index.php?mode=thread&amp;id=360831<\/a><\/p>\n","protected":false},"excerpt":{"rendered":"<p>Ich m\u00f6chte alle Leser, die sich f\u00fcr das Thema \u201ePersonen im Gleis\u201c interessieren, ermutigen, einen kurzen Blick auf die informative Seite des ICE-Treffs zu werfen. Hier findet sich eine strukturelle Analyse, die das Problem von einer ganz anderen, weitaus weniger &hellip; <a href=\"http:\/\/www.blogbuch-oldenburg.de\/?p=1330\">Weiterlesen <span class=\"meta-nav\">&rarr;<\/span><\/a><\/p>\n","protected":false},"author":1,"featured_media":0,"comment_status":"closed","ping_status":"closed","sticky":false,"template":"","format":"standard","meta":[],"categories":[8],"tags":[],"_links":{"self":[{"href":"http:\/\/www.blogbuch-oldenburg.de\/index.php?rest_route=\/wp\/v2\/posts\/1330"}],"collection":[{"href":"http:\/\/www.blogbuch-oldenburg.de\/index.php?rest_route=\/wp\/v2\/posts"}],"about":[{"href":"http:\/\/www.blogbuch-oldenburg.de\/index.php?rest_route=\/wp\/v2\/types\/post"}],"author":[{"embeddable":true,"href":"http:\/\/www.blogbuch-oldenburg.de\/index.php?rest_route=\/wp\/v2\/users\/1"}],"replies":[{"embeddable":true,"href":"http:\/\/www.blogbuch-oldenburg.de\/index.php?rest_route=%2Fwp%2Fv2%2Fcomments&post=1330"}],"version-history":[{"count":2,"href":"http:\/\/www.blogbuch-oldenburg.de\/index.php?rest_route=\/wp\/v2\/posts\/1330\/revisions"}],"predecessor-version":[{"id":1332,"href":"http:\/\/www.blogbuch-oldenburg.de\/index.php?rest_route=\/wp\/v2\/posts\/1330\/revisions\/1332"}],"wp:attachment":[{"href":"http:\/\/www.blogbuch-oldenburg.de\/index.php?rest_route=%2Fwp%2Fv2%2Fmedia&parent=1330"}],"wp:term":[{"taxonomy":"category","embeddable":true,"href":"http:\/\/www.blogbuch-oldenburg.de\/index.php?rest_route=%2Fwp%2Fv2%2Fcategories&post=1330"},{"taxonomy":"post_tag","embeddable":true,"href":"http:\/\/www.blogbuch-oldenburg.de\/index.php?rest_route=%2Fwp%2Fv2%2Ftags&post=1330"}],"curies":[{"name":"wp","href":"https:\/\/api.w.org\/{rel}","templated":true}]}}