{"id":1334,"date":"2016-09-19T16:56:58","date_gmt":"2016-09-19T14:56:58","guid":{"rendered":"http:\/\/www.blogbuch-oldenburg.de\/?p=1334"},"modified":"2017-03-21T14:02:24","modified_gmt":"2017-03-21T12:02:24","slug":"8-bei-siggi-und-bruno","status":"publish","type":"post","link":"http:\/\/www.blogbuch-oldenburg.de\/?p=1334","title":{"rendered":"8. Bei Siggi und Bruno"},"content":{"rendered":"<p>Weil die Erftenmoder kein Hotel f\u00fcr mich reserviert hat, werde ich bei Siggi und Bruno wohnen. Ich habe die beiden \u00fcber eine website gefunden, die private Unterk\u00fcnfte an Reisende vermittelt. Ist auch viel besser so, sage ich mir zuversichtlich, denn so komme ich in Kontakt mit den Menschen vor Ort, und das ist wichtig, wenn man wirklich etwas \u00fcber eine Stadt erfahren will. Vielleicht k\u00f6nnen mir Siggi und Bruno Geschichten aus ihrer Kindheit erz\u00e4hlen, vielleicht haben sie Gro\u00dfm\u00fctter und Gro\u00dfv\u00e4ter, die noch mit der Erftenmoder zur Schule gegangen sind, vielleicht sind sie direkte Nachfahren Ludwig Strackerjans.<\/p>\n<p>Siggi und Bruno wohnen in einer ruhigen, gepflegten Stra\u00dfe, was mich nicht weiter \u00fcberrascht, denn in Oldenburg sind alle Stra\u00dfen ruhig und gepflegt. So kommt das zumindest jemandem aus Berlin vor. Bei den H\u00e4usern in ihrer Stra\u00dfe handelt es sich ausschlie\u00dflich um wei\u00dfe, sanierte Altbauten, und wie sie so in Reih und Glied stehen, erinnern sie mich irgendwie an ein Gebiss.<br \/>\nNachdem Siggi und Bruno mich hereingebeten haben, werde ich zum Ostfriesentee in die K\u00fcche eingeladen. Mit Dialekten kenne ich mich \u00fcberhaupt nicht aus, muss ich hier kurz einr\u00e4umen. Mein Freund ist \u00d6sterreicher, und selbst das habe ich die ersten zwei Jahre nicht gemerkt, aber bei Siggi und Bruno f\u00e4llt mir gleich auf, dass etwas nicht stimmt. Sie begr\u00fc\u00dfen mich zwar mit \u201eMoin\u201c, erkundigen sich dann aber: \u201eHandse gut hergfunde?\u201c<\/p>\n<p>Beim Ostfriesentee er\u00f6ffnen mir die beiden schlie\u00dflich, dass sie aus dem Schwabenland kommen. Sie sind erst vor drei Jahren nach Oldenburg gezogen, weil es ihnen hier im Norden so gut gef\u00e4llt und sie fr\u00fcher oft an die Nordsee gefahren sind. Direkt am Meer ist es ihnen aber zu windig und zu kalt. \u00dcber Oldenburg wissen sie eigentlich gar nichts. Sie k\u00f6nnen mir sagen, wo ich gute Pizza essen und wo ich g\u00fcnstig einkaufen kann, aber als ich sie nach dem Unheimlichen, dem Abwegigen, dem Geisterhaften befrage, da f\u00e4llt ihnen nicht das Geringste ein. Immerhin, auf dem Weg in mein Zimmer begegnet mir eine schwarze Katze, die mich irgendwie drohend anmaunzt.<\/p>\n","protected":false},"excerpt":{"rendered":"<p>Weil die Erftenmoder kein Hotel f\u00fcr mich reserviert hat, werde ich bei Siggi und Bruno wohnen. Ich habe die beiden \u00fcber eine website gefunden, die private Unterk\u00fcnfte an Reisende vermittelt. Ist auch viel besser so, sage ich mir zuversichtlich, denn &hellip; <a href=\"http:\/\/www.blogbuch-oldenburg.de\/?p=1334\">Weiterlesen <span class=\"meta-nav\">&rarr;<\/span><\/a><\/p>\n","protected":false},"author":1,"featured_media":0,"comment_status":"closed","ping_status":"closed","sticky":false,"template":"","format":"standard","meta":[],"categories":[8],"tags":[],"_links":{"self":[{"href":"http:\/\/www.blogbuch-oldenburg.de\/index.php?rest_route=\/wp\/v2\/posts\/1334"}],"collection":[{"href":"http:\/\/www.blogbuch-oldenburg.de\/index.php?rest_route=\/wp\/v2\/posts"}],"about":[{"href":"http:\/\/www.blogbuch-oldenburg.de\/index.php?rest_route=\/wp\/v2\/types\/post"}],"author":[{"embeddable":true,"href":"http:\/\/www.blogbuch-oldenburg.de\/index.php?rest_route=\/wp\/v2\/users\/1"}],"replies":[{"embeddable":true,"href":"http:\/\/www.blogbuch-oldenburg.de\/index.php?rest_route=%2Fwp%2Fv2%2Fcomments&post=1334"}],"version-history":[{"count":1,"href":"http:\/\/www.blogbuch-oldenburg.de\/index.php?rest_route=\/wp\/v2\/posts\/1334\/revisions"}],"predecessor-version":[{"id":1335,"href":"http:\/\/www.blogbuch-oldenburg.de\/index.php?rest_route=\/wp\/v2\/posts\/1334\/revisions\/1335"}],"wp:attachment":[{"href":"http:\/\/www.blogbuch-oldenburg.de\/index.php?rest_route=%2Fwp%2Fv2%2Fmedia&parent=1334"}],"wp:term":[{"taxonomy":"category","embeddable":true,"href":"http:\/\/www.blogbuch-oldenburg.de\/index.php?rest_route=%2Fwp%2Fv2%2Fcategories&post=1334"},{"taxonomy":"post_tag","embeddable":true,"href":"http:\/\/www.blogbuch-oldenburg.de\/index.php?rest_route=%2Fwp%2Fv2%2Ftags&post=1334"}],"curies":[{"name":"wp","href":"https:\/\/api.w.org\/{rel}","templated":true}]}}