{"id":1359,"date":"2016-09-09T14:25:48","date_gmt":"2016-09-09T12:25:48","guid":{"rendered":"http:\/\/www.blogbuch-oldenburg.de\/?p=1359"},"modified":"2017-03-21T14:11:27","modified_gmt":"2017-03-21T12:11:27","slug":"das-schreiend-ding-3","status":"publish","type":"post","link":"http:\/\/www.blogbuch-oldenburg.de\/?p=1359","title":{"rendered":"16. Das schreiend Ding (3)"},"content":{"rendered":"<p>Wir haben uns mit dem Studenten vor der Cafeteria der Universit\u00e4t verabredet. Auch an diesem Tag ist es hei\u00df, jahresuntypisch hei\u00df. Ich halte es f\u00fcr m\u00f6glich, dass das etwas mit der Klimaerw\u00e4rmung zu tun hat, bin mir aber nicht sicher. Irgendwo habe ich gelesen, dass Klimaerw\u00e4rmung hier in unseren Breitengraden genau das Gegenteil von dem bedeutet, was man annehmen w\u00fcrde: K\u00e4lte, nicht W\u00e4rme. Wie auch immer: Obwohl der Herbst vor der T\u00fcr steht und wir hier ja eher im Norden des Landes sind, wollen die Temperaturen nicht fallen, im Gegenteil.<br \/>\nDer Student hat vorgesorgt und f\u00fcr uns in der Cafeteria drei Flaschen Biozisch gekauft. Rhabarber. Ich mag Rhabarber-Schorle nicht, ich mag Rhabarber so wenig wie Erbsen, aber der Student hat uns schlie\u00dflich einen Gefallen tun wollen, und so nippe ich anerkennend l\u00e4chelnd an meiner Rhabarberschorle.<br \/>\nGenug Zeit verschwendet, das Unheimliche wartet auf niemanden. Wir durchqueren das Unigeb\u00e4ude, lassen uns auf der anderen Seite von Sonne und Hitze begr\u00fc\u00dfen und betreten die Haarenniederungen. Der Student f\u00fchrt uns zun\u00e4chst einen schmalen Pfad entlang. Kaum, dass wir den Pfad betreten haben, bemerke ich, dass sich die Hitze verfl\u00fcchtigt zu haben scheint. Hier in all dem Gr\u00fcn kommt es mir k\u00fchler vor. Das mag mit dem Wasser zu tun haben oder mit etwas anderem, das ich noch nicht verstehe.<br \/>\nEine Weile laufen wir stumm entlang der Haaren. Ich spitze die Ohren und lausche auf m\u00f6gliches Heulen, Wimmern, Jaulen oder Schreien, aber es ist sehr still, nur in der Ferne h\u00f6rt man die Studenten, die lachen und Biozisch trinken und \u00fcber die Geschehnisse in der Welt diskutieren und \u00fcber Foucault und \u00fcber das Essen in der Mensa.<br \/>\nDas Wasser der Haaren scheint auff\u00e4llig dunkel, suppig und irgendwie schwarz. Da fallen mir die Reagenzgl\u00e4ser wieder ein, die mir die Erftenmoder in Herman Holmers Zigarrenkiste hat zukommen lassen. Eines davon war mit schwarzem Wasser gef\u00fcllt, erinnere ich mich, das andere mit gr\u00fcnem. Bin ich wohlm\u00f6glich auf einer Spur?<\/p>\n","protected":false},"excerpt":{"rendered":"<p>Wir haben uns mit dem Studenten vor der Cafeteria der Universit\u00e4t verabredet. Auch an diesem Tag ist es hei\u00df, jahresuntypisch hei\u00df. Ich halte es f\u00fcr m\u00f6glich, dass das etwas mit der Klimaerw\u00e4rmung zu tun hat, bin mir aber nicht sicher. &hellip; <a href=\"http:\/\/www.blogbuch-oldenburg.de\/?p=1359\">Weiterlesen <span class=\"meta-nav\">&rarr;<\/span><\/a><\/p>\n","protected":false},"author":1,"featured_media":0,"comment_status":"closed","ping_status":"closed","sticky":false,"template":"","format":"standard","meta":[],"categories":[8],"tags":[],"_links":{"self":[{"href":"http:\/\/www.blogbuch-oldenburg.de\/index.php?rest_route=\/wp\/v2\/posts\/1359"}],"collection":[{"href":"http:\/\/www.blogbuch-oldenburg.de\/index.php?rest_route=\/wp\/v2\/posts"}],"about":[{"href":"http:\/\/www.blogbuch-oldenburg.de\/index.php?rest_route=\/wp\/v2\/types\/post"}],"author":[{"embeddable":true,"href":"http:\/\/www.blogbuch-oldenburg.de\/index.php?rest_route=\/wp\/v2\/users\/1"}],"replies":[{"embeddable":true,"href":"http:\/\/www.blogbuch-oldenburg.de\/index.php?rest_route=%2Fwp%2Fv2%2Fcomments&post=1359"}],"version-history":[{"count":2,"href":"http:\/\/www.blogbuch-oldenburg.de\/index.php?rest_route=\/wp\/v2\/posts\/1359\/revisions"}],"predecessor-version":[{"id":1361,"href":"http:\/\/www.blogbuch-oldenburg.de\/index.php?rest_route=\/wp\/v2\/posts\/1359\/revisions\/1361"}],"wp:attachment":[{"href":"http:\/\/www.blogbuch-oldenburg.de\/index.php?rest_route=%2Fwp%2Fv2%2Fmedia&parent=1359"}],"wp:term":[{"taxonomy":"category","embeddable":true,"href":"http:\/\/www.blogbuch-oldenburg.de\/index.php?rest_route=%2Fwp%2Fv2%2Fcategories&post=1359"},{"taxonomy":"post_tag","embeddable":true,"href":"http:\/\/www.blogbuch-oldenburg.de\/index.php?rest_route=%2Fwp%2Fv2%2Ftags&post=1359"}],"curies":[{"name":"wp","href":"https:\/\/api.w.org\/{rel}","templated":true}]}}