{"id":1371,"date":"2016-09-06T20:38:45","date_gmt":"2016-09-06T18:38:45","guid":{"rendered":"http:\/\/www.blogbuch-oldenburg.de\/?p=1371"},"modified":"2017-03-21T14:12:47","modified_gmt":"2017-03-21T12:12:47","slug":"19-die-geschichte-des-mannes-auf-dem-motorisierten-gefaehrt","status":"publish","type":"post","link":"http:\/\/www.blogbuch-oldenburg.de\/?p=1371","title":{"rendered":"19. Die Geschichte des Mannes auf dem motorisierten Gef\u00e4hrt"},"content":{"rendered":"<p>\u201eEs trug sich einmal zu\u201c, sagt der Mann auf dem motorisierten Gef\u00e4hrt (laut dem Student), \u201edass ich mich eines Abends hier unten an der Haaren wieder fand, um fischen zu gehen.\u201c<\/p>\n<p>\u201eHier kann man fischen?\u201c, frage ich.<\/p>\n<p>\u201eJa\u201c, sagt der Mann auf dem motorisierten Gef\u00e4hrt (laut dem Student), \u201eaber wenn man was richtig Gutes an die Angel bekommen will, dann muss man abends oder nachts kommen.\u201c<\/p>\n<p>\u201eAch\u201c, sage ich, \u201einteressant, ich hatte geh\u00f6rt, dass faunistische Artenspektrum sei gering, \u00f6kologisch wenig anspruchsvoll und kaum bedeutsam!\u201c<\/p>\n<p>Der Mann auf dem motorisierten Gef\u00e4hrt wirft mir einen ungehaltenen Blick zu und fragt, ob ich die Geschichte nun h\u00f6ren wolle oder nicht.<\/p>\n<p>\u201eDoch sicher, solange sie unheimlich ist!\u201c<\/p>\n<p>\u201eEs trug sich also einmal zu\u201c, beginnt der Mann auf dem motorisierten Gef\u00e4hrt (laut dem Student) ein weiteres Mal, \u201edass ich eines Abends hier unten fischen ging. Meine Familie war hungrig, sie hatten seit vielen Tagen nichts gegessen und sa\u00dfen um den K\u00fcchentisch und waren blass und schwach. Ein Fisch musste her, nicht irgendein Fisch, ein Fisch, der uns durch den harten Winter und auch noch das n\u00e4chste Fr\u00fchjahr bringen w\u00fcrde.\u201c<\/p>\n<p>Ich will nicht durch weitere Einw\u00e4nde provozieren und habe auch nichts zu sagen, also schweige ich.<\/p>\n<p>\u201eDas Gl\u00fcck war mir hold, denn nur wenige Stunden verstrichen, bevor ich kurz vor Morgengrauen einen Hecht aus den dunklen Fluten der Haaren zog. Nun hatte der Fisch zwar nur ein Auge, doch war er ein stattlicher Bursche, und so trat ich zufrieden den Heimweg an. Doch mit jedem Schritt dr\u00fcckte mir das Gewicht des Hechtes schwerer und schwerer auf meinen Schultern. Der Schwei\u00df stand mir auf der Stirn, mein alter R\u00fccken bog sich krumm und kurz bevor ich den Biomarkt gleich bei der Universit\u00e4t erreichte, bemerkte ich, dass der Fisch sich \u00fcber meine Schulter gebeugt hatte und mich anstarrte mit einem Auge voller Vorwurf und Misstrauen.<\/p>\n<p>Wat wulltu mit mi maken,<\/p>\n<p>Wulltu mi braden oder kaken?<a href=\"#_ftn1\" name=\"_ftnref1\">[1]<\/a><\/p>\n<p>fragte der Fisch mit dem einen Auge, und da blieb mir nichts anderes als ihn schnell wieder zur\u00fcck in das schwarze Gew\u00e4sser zu bringen, das ihn hervorgebracht hatte, denn wenn auch meine Familie hungrig und der Winter lang sein mochte, hatten wir doch vor vielen Jahren beschlossen, nichts zu essen, was uns Fragen stellen kann.\u201c<\/p>\n<p>Postskriptum: Auch an dieser Geschichte ist alles wahr. Lediglich das Setting musste aus organisatorischen Gr\u00fcnden ge\u00e4ndert werden. Nachzulesen ist dies alles und noch viel mehr in der Geschichte: \u201eVerzauberte Fische im Sager Meer\u201c.<\/p>\n<p><a href=\"#_ftnref1\" name=\"_ftn1\">[1]<\/a> Verzauberte Fische im Sager Meer\u201c, zu finden in: <em>Sagen, M\u00e4rchen und Legenden aus dem Oldenburger Land<\/em>, gesammelt von Helge Dettmer. Exclusiv Ausgabe der Nordwest Zeitung. Ph\u00f6nix Werbung und Verlag, Radolfzell, 1987, S. 37<\/p>\n","protected":false},"excerpt":{"rendered":"<p>\u201eEs trug sich einmal zu\u201c, sagt der Mann auf dem motorisierten Gef\u00e4hrt (laut dem Student), \u201edass ich mich eines Abends hier unten an der Haaren wieder fand, um fischen zu gehen.\u201c \u201eHier kann man fischen?\u201c, frage ich. \u201eJa\u201c, sagt der &hellip; <a href=\"http:\/\/www.blogbuch-oldenburg.de\/?p=1371\">Weiterlesen <span class=\"meta-nav\">&rarr;<\/span><\/a><\/p>\n","protected":false},"author":1,"featured_media":0,"comment_status":"closed","ping_status":"closed","sticky":false,"template":"","format":"standard","meta":[],"categories":[8],"tags":[],"_links":{"self":[{"href":"http:\/\/www.blogbuch-oldenburg.de\/index.php?rest_route=\/wp\/v2\/posts\/1371"}],"collection":[{"href":"http:\/\/www.blogbuch-oldenburg.de\/index.php?rest_route=\/wp\/v2\/posts"}],"about":[{"href":"http:\/\/www.blogbuch-oldenburg.de\/index.php?rest_route=\/wp\/v2\/types\/post"}],"author":[{"embeddable":true,"href":"http:\/\/www.blogbuch-oldenburg.de\/index.php?rest_route=\/wp\/v2\/users\/1"}],"replies":[{"embeddable":true,"href":"http:\/\/www.blogbuch-oldenburg.de\/index.php?rest_route=%2Fwp%2Fv2%2Fcomments&post=1371"}],"version-history":[{"count":3,"href":"http:\/\/www.blogbuch-oldenburg.de\/index.php?rest_route=\/wp\/v2\/posts\/1371\/revisions"}],"predecessor-version":[{"id":1374,"href":"http:\/\/www.blogbuch-oldenburg.de\/index.php?rest_route=\/wp\/v2\/posts\/1371\/revisions\/1374"}],"wp:attachment":[{"href":"http:\/\/www.blogbuch-oldenburg.de\/index.php?rest_route=%2Fwp%2Fv2%2Fmedia&parent=1371"}],"wp:term":[{"taxonomy":"category","embeddable":true,"href":"http:\/\/www.blogbuch-oldenburg.de\/index.php?rest_route=%2Fwp%2Fv2%2Fcategories&post=1371"},{"taxonomy":"post_tag","embeddable":true,"href":"http:\/\/www.blogbuch-oldenburg.de\/index.php?rest_route=%2Fwp%2Fv2%2Ftags&post=1371"}],"curies":[{"name":"wp","href":"https:\/\/api.w.org\/{rel}","templated":true}]}}