{"id":1384,"date":"2016-09-03T11:32:02","date_gmt":"2016-09-03T09:32:02","guid":{"rendered":"http:\/\/www.blogbuch-oldenburg.de\/?p=1384"},"modified":"2017-03-21T14:23:35","modified_gmt":"2017-03-21T12:23:35","slug":"22-auf-zum-floetenteich","status":"publish","type":"post","link":"http:\/\/www.blogbuch-oldenburg.de\/?p=1384","title":{"rendered":"22. Auf zum Fl\u00f6tenteich"},"content":{"rendered":"<p>Und pl\u00f6tzlich ist er da, der Herbst. Im Oktober hatte man nun wirklich damit rechnen m\u00fcssen, dass es so kommt, und trotzdem bin ich erstaunt, als wir aus dem Haus treten und der Himmel \u00fcber uns wolkenverhangen und d\u00fcster ist. Mein Bekannter hat eingewilligt, mich zum Fl\u00f6tenteich zu fahren.<br \/>\n\u201eDoch dieser Gefallen wird der letzte sein, den ich f\u00fcr dich tue\u201c, verk\u00fcndet er, aber das ist nicht weiter schlimm, weil ich sicher bin, so sicher, als h\u00e4tte mir der Zigarrenh\u00e4ndler Herman Holmer die Worte zugefl\u00fcstert, dass die Geschichte, wegen derer ich hierher gekommen, dort, am Fl\u00f6tenteich auf mich wartet.<\/p>\n<p>Der Fl\u00f6tenteich ist eigentlich kein Teich sondern eher eine Art See, finde ich. Mein Bekannter und ich, wir bleiben unserer Linie treu und wissen nicht so genau, wie wir am besten mit unserer Suche nach dem Unheimlichen beginnen sollen. Dieses Mal gibt es nicht einmal einen Studenten, der uns helfen kann. So beschlie\u00dfen wir, zun\u00e4chst einmal um den See herumzuschlendern. Das Wasser gl\u00e4nzt unheimlich gr\u00fcn, irgendwie wissend, so als hielte der Fl\u00f6tenteich etwas unter seiner Oberfl\u00e4che bereit, ein Geheimnis oder eine Geschichte. Um den Fl\u00f6tenteich herum w\u00e4chst Schilf, und w\u00e4hrend wir laufen, meine ich immer wieder sonderbare Ger\u00e4usche zu h\u00f6ren, ein Rascheln, ein Fl\u00fcstern, so als ob sich dort jemand verstecken w\u00fcrde. In der Ferne glaube ich, Kinderstimmen ausmachen zu k\u00f6nnen, aber es ist Vormittag, und soweit ich wei\u00df, sind die Kinder alle in der Schule. Tats\u00e4chlich kommen wir nach unserer Runde an einem Freibad vorbei. Niemand im Wasser, niemand im Gras, und all dem haftet etwas Verlassenes an, so als seien die Kinder nicht blo\u00df in der Schule, sondern an einem Ort, von dem sie ganz sicher nicht mehr zur\u00fcckkehren werden.<\/p>\n","protected":false},"excerpt":{"rendered":"<p>Und pl\u00f6tzlich ist er da, der Herbst. Im Oktober hatte man nun wirklich damit rechnen m\u00fcssen, dass es so kommt, und trotzdem bin ich erstaunt, als wir aus dem Haus treten und der Himmel \u00fcber uns wolkenverhangen und d\u00fcster ist. &hellip; <a href=\"http:\/\/www.blogbuch-oldenburg.de\/?p=1384\">Weiterlesen <span class=\"meta-nav\">&rarr;<\/span><\/a><\/p>\n","protected":false},"author":1,"featured_media":0,"comment_status":"closed","ping_status":"closed","sticky":false,"template":"","format":"standard","meta":[],"categories":[8],"tags":[],"_links":{"self":[{"href":"http:\/\/www.blogbuch-oldenburg.de\/index.php?rest_route=\/wp\/v2\/posts\/1384"}],"collection":[{"href":"http:\/\/www.blogbuch-oldenburg.de\/index.php?rest_route=\/wp\/v2\/posts"}],"about":[{"href":"http:\/\/www.blogbuch-oldenburg.de\/index.php?rest_route=\/wp\/v2\/types\/post"}],"author":[{"embeddable":true,"href":"http:\/\/www.blogbuch-oldenburg.de\/index.php?rest_route=\/wp\/v2\/users\/1"}],"replies":[{"embeddable":true,"href":"http:\/\/www.blogbuch-oldenburg.de\/index.php?rest_route=%2Fwp%2Fv2%2Fcomments&post=1384"}],"version-history":[{"count":1,"href":"http:\/\/www.blogbuch-oldenburg.de\/index.php?rest_route=\/wp\/v2\/posts\/1384\/revisions"}],"predecessor-version":[{"id":1385,"href":"http:\/\/www.blogbuch-oldenburg.de\/index.php?rest_route=\/wp\/v2\/posts\/1384\/revisions\/1385"}],"wp:attachment":[{"href":"http:\/\/www.blogbuch-oldenburg.de\/index.php?rest_route=%2Fwp%2Fv2%2Fmedia&parent=1384"}],"wp:term":[{"taxonomy":"category","embeddable":true,"href":"http:\/\/www.blogbuch-oldenburg.de\/index.php?rest_route=%2Fwp%2Fv2%2Fcategories&post=1384"},{"taxonomy":"post_tag","embeddable":true,"href":"http:\/\/www.blogbuch-oldenburg.de\/index.php?rest_route=%2Fwp%2Fv2%2Ftags&post=1384"}],"curies":[{"name":"wp","href":"https:\/\/api.w.org\/{rel}","templated":true}]}}