{"id":1389,"date":"2016-09-01T15:35:56","date_gmt":"2016-09-01T13:35:56","guid":{"rendered":"http:\/\/www.blogbuch-oldenburg.de\/?p=1389"},"modified":"2017-03-21T14:24:02","modified_gmt":"2017-03-21T12:24:02","slug":"24-die-geschichte-vom-schilfmann-1","status":"publish","type":"post","link":"http:\/\/www.blogbuch-oldenburg.de\/?p=1389","title":{"rendered":"24. Die Geschichte vom Schilfmann (1)"},"content":{"rendered":"<p>Die Geschichte, die uns der ein\u00e4ugige Fritz erz\u00e4hlt, beginnt in den Siebzigern. Oder in den Achtzigern. Oder in den Neunzigern. Das wei\u00df der ein\u00e4ugige Fritz nicht so genau, und auch Evie ist unsicher. Sie beginnt jedenfalls irgendwann, und sie beginnt mit den Hunden.<br \/>\nEs war ein Sommer, ein ganz besonders hei\u00dfer Sommer, also sicher 25 Grad hier im Norden, und erst verschwand ein Hund und dann ein zweiter und dann ein dritter und so ging es immer weiter. Gut zehn Hunde m\u00fcssen damals verschwunden sein, hier ganz in der N\u00e4he vom Fl\u00f6tenteich. Nur kurz von der Leine gelassen und ab ins Gr\u00fcne und weg waren sie.<br \/>\n\u201eJa, damals hing hier alles voller Plakate\u201c, sagt Evie, die sich gut erinnert an diesen hei\u00dfen Sommer vor zwanzig oder drei\u00dfig oder vierzig Jahren. Belohnung f\u00fcr Nero. Und Belohnung f\u00fcr Smutje. Und Belohnung f\u00fcr Rocko.<br \/>\nAber keiner von den Hunden wurde je wiedergefunden. \u201eIrgendwie dachten wir wohl alle, sie seien im See, wie auch immer sie da reingekommen und ertrunken sein sollten\u201c, sagt Evie.<br \/>\n\u201eJa, und dann Ende August, da verschwand der Junge. Tobias. Zehn war der vielleicht.\u201c<br \/>\n\u201eSieben\u201c, sagt der ein\u00e4ugige Fritz.<br \/>\n\u201eNee, mindestens zehn, eher zw\u00f6lf\u201c, sagt Evie. \u201eDas war so eine Gruppe von Jungen, f\u00fcnf, glaube ich. Die machten immer alles zusammen. Im Sommer waren die jeden Tag hier drau\u00dfen und gingen schwimmen. Tobias, das war der j\u00fcngste von denen. Der durfte \u00fcberhaupt nur mit, weil er der Bruder von irgendwem anders war. Torbens Bruder.\u201c<br \/>\n\u201eJens\u2019 Bruder\u201c, sagt der ein\u00e4ugige Fritz.<br \/>\n\u201eNee. Torbens Bruder\u201c, sagt Evie.<br \/>\n\u201eDie F\u00fcnf hatten sich jedenfalls in den Kopf gesetzt, dass sie ihn wiederfinden w\u00fcrden\u201c, f\u00e4hrt Evie fort, die dicht an der ganzen Geschichte dran gewesen ist, so dicht, dass sie mir nun Dinge erz\u00e4hlt, die eigentlich \u00fcberhaupt nur Torben oder Tobias oder Jens wissen k\u00f6nnen.<br \/>\nEiner der f\u00fcnf, wei\u00df Evie etwa, hatte n\u00e4mlich eine Vermutung, was geschehen sei, also mit den Hunden und mit dem Jungen. Einer der f\u00fcnf, sein Name war Michel, war w\u00e4hrend des Mathematikunterrichts heimgesucht worden, von einer Vision. Er hatte jemanden gesehen, jemanden, den er nie ganz genau und mit richtigen, tats\u00e4chlich, gemeinhin oft benutzten Worten hatte beschreiben k\u00f6nnen.<br \/>\nEine Gestalt, eine Anwesenheit, ein Etwas, das sich herumtrieb, am Fl\u00f6tenteich, das lebte im Schilf.<\/p>\n","protected":false},"excerpt":{"rendered":"<p>Die Geschichte, die uns der ein\u00e4ugige Fritz erz\u00e4hlt, beginnt in den Siebzigern. Oder in den Achtzigern. Oder in den Neunzigern. Das wei\u00df der ein\u00e4ugige Fritz nicht so genau, und auch Evie ist unsicher. Sie beginnt jedenfalls irgendwann, und sie beginnt &hellip; <a href=\"http:\/\/www.blogbuch-oldenburg.de\/?p=1389\">Weiterlesen <span class=\"meta-nav\">&rarr;<\/span><\/a><\/p>\n","protected":false},"author":1,"featured_media":0,"comment_status":"closed","ping_status":"closed","sticky":false,"template":"","format":"standard","meta":[],"categories":[8],"tags":[],"_links":{"self":[{"href":"http:\/\/www.blogbuch-oldenburg.de\/index.php?rest_route=\/wp\/v2\/posts\/1389"}],"collection":[{"href":"http:\/\/www.blogbuch-oldenburg.de\/index.php?rest_route=\/wp\/v2\/posts"}],"about":[{"href":"http:\/\/www.blogbuch-oldenburg.de\/index.php?rest_route=\/wp\/v2\/types\/post"}],"author":[{"embeddable":true,"href":"http:\/\/www.blogbuch-oldenburg.de\/index.php?rest_route=\/wp\/v2\/users\/1"}],"replies":[{"embeddable":true,"href":"http:\/\/www.blogbuch-oldenburg.de\/index.php?rest_route=%2Fwp%2Fv2%2Fcomments&post=1389"}],"version-history":[{"count":2,"href":"http:\/\/www.blogbuch-oldenburg.de\/index.php?rest_route=\/wp\/v2\/posts\/1389\/revisions"}],"predecessor-version":[{"id":1394,"href":"http:\/\/www.blogbuch-oldenburg.de\/index.php?rest_route=\/wp\/v2\/posts\/1389\/revisions\/1394"}],"wp:attachment":[{"href":"http:\/\/www.blogbuch-oldenburg.de\/index.php?rest_route=%2Fwp%2Fv2%2Fmedia&parent=1389"}],"wp:term":[{"taxonomy":"category","embeddable":true,"href":"http:\/\/www.blogbuch-oldenburg.de\/index.php?rest_route=%2Fwp%2Fv2%2Fcategories&post=1389"},{"taxonomy":"post_tag","embeddable":true,"href":"http:\/\/www.blogbuch-oldenburg.de\/index.php?rest_route=%2Fwp%2Fv2%2Ftags&post=1389"}],"curies":[{"name":"wp","href":"https:\/\/api.w.org\/{rel}","templated":true}]}}