{"id":237,"date":"2013-12-18T13:10:45","date_gmt":"2013-12-18T11:10:45","guid":{"rendered":"http:\/\/jazzagent.de\/blogbuch\/?p=237"},"modified":"2014-01-07T19:13:51","modified_gmt":"2014-01-07T17:13:51","slug":"grau-und-nebelig","status":"publish","type":"post","link":"http:\/\/www.blogbuch-oldenburg.de\/?p=237","title":{"rendered":"Grau und nebelig"},"content":{"rendered":"<div>\n<p>geschrieben am 10.04.2012<\/p>\n<div>Ich m\u00f6chte f\u00fcr das Blogbuch immer mal wieder jemandem die Frage stellen: Was wei\u00dft du von Oldenburg? So kann ich absolut unrepr\u00e4sentativ feststellen, was f\u00fcr ein Bild von Oldenburg besteht. Angefangen habe ich mit meinem fast achtj\u00e4hrigen Sohn. Nun wusste ich nat\u00fcrlich, dass Malte keine Ahnung hat, wo Oldenburg auch nur liegt. Und ich habe vermutet, dass er nichts \u00fcber Oldenburg wei\u00df. Aber wer wei\u00df. Vorsichtshalber habe ich ihm die Frage so gestellt: \u201eWie stellst du dir Oldenburg vor?\u201c Er antwortete prompt: \u201eGrau und nebelig.\u201c \u201eWieso das?\u201c, fragte ich. \u201eWei\u00df nicht. Klingt so!\u201c \u201eWas klingt an Oldenburg grau und nebelig?\u201c Malte zuckte mit den Schultern und verschwand. Und ich sitze nun also da und muss das den Oldenburgern erkl\u00e4ren. Grau und nebelig. Vermutlich stimmt das auch noch. Von November bis M\u00e4rz. Wenn die K\u00fche auf den Weiden um Oldenburg herum ihren Atem nicht vom aufsteigenden Nebel unterscheiden k\u00f6nnen. Und das \u201eSchietwetter\u201c noch die farbigste Fassade grau werden l\u00e4sst. Aber trotzdem, wer will das schon h\u00f6ren? Grau und nebelig! Aber damit m\u00fcssen Sie nun leben. So ist das mit Umfragen.<\/div>\n<\/div>\n","protected":false},"excerpt":{"rendered":"<p>geschrieben am 10.04.2012 Ich m\u00f6chte f\u00fcr das Blogbuch immer mal wieder jemandem die Frage stellen: Was wei\u00dft du von Oldenburg? So kann ich absolut unrepr\u00e4sentativ feststellen, was f\u00fcr ein Bild von Oldenburg besteht. Angefangen habe ich mit meinem fast achtj\u00e4hrigen &hellip; <a href=\"http:\/\/www.blogbuch-oldenburg.de\/?p=237\">Weiterlesen <span class=\"meta-nav\">&rarr;<\/span><\/a><\/p>\n","protected":false},"author":1,"featured_media":0,"comment_status":"closed","ping_status":"closed","sticky":false,"template":"","format":"standard","meta":[],"categories":[2],"tags":[],"_links":{"self":[{"href":"http:\/\/www.blogbuch-oldenburg.de\/index.php?rest_route=\/wp\/v2\/posts\/237"}],"collection":[{"href":"http:\/\/www.blogbuch-oldenburg.de\/index.php?rest_route=\/wp\/v2\/posts"}],"about":[{"href":"http:\/\/www.blogbuch-oldenburg.de\/index.php?rest_route=\/wp\/v2\/types\/post"}],"author":[{"embeddable":true,"href":"http:\/\/www.blogbuch-oldenburg.de\/index.php?rest_route=\/wp\/v2\/users\/1"}],"replies":[{"embeddable":true,"href":"http:\/\/www.blogbuch-oldenburg.de\/index.php?rest_route=%2Fwp%2Fv2%2Fcomments&post=237"}],"version-history":[{"count":1,"href":"http:\/\/www.blogbuch-oldenburg.de\/index.php?rest_route=\/wp\/v2\/posts\/237\/revisions"}],"predecessor-version":[{"id":238,"href":"http:\/\/www.blogbuch-oldenburg.de\/index.php?rest_route=\/wp\/v2\/posts\/237\/revisions\/238"}],"wp:attachment":[{"href":"http:\/\/www.blogbuch-oldenburg.de\/index.php?rest_route=%2Fwp%2Fv2%2Fmedia&parent=237"}],"wp:term":[{"taxonomy":"category","embeddable":true,"href":"http:\/\/www.blogbuch-oldenburg.de\/index.php?rest_route=%2Fwp%2Fv2%2Fcategories&post=237"},{"taxonomy":"post_tag","embeddable":true,"href":"http:\/\/www.blogbuch-oldenburg.de\/index.php?rest_route=%2Fwp%2Fv2%2Ftags&post=237"}],"curies":[{"name":"wp","href":"https:\/\/api.w.org\/{rel}","templated":true}]}}