{"id":258,"date":"2013-12-18T13:29:42","date_gmt":"2013-12-18T11:29:42","guid":{"rendered":"http:\/\/jazzagent.de\/blogbuch\/?p=258"},"modified":"2014-01-07T19:13:34","modified_gmt":"2014-01-07T17:13:34","slug":"meine-oldenburger-ururgrossmutter-2","status":"publish","type":"post","link":"http:\/\/www.blogbuch-oldenburg.de\/?p=258","title":{"rendered":"Meine Oldenburger Ururgrossmutter"},"content":{"rendered":"<p>geschrieben am 20.03.2012<\/p>\n<p>Ich habe keine verwandtschaftlichen Beziehungen nach Oldenburg. Dabei h\u00e4tte das so gut gepasst. Als ich zum Virtuellen Oldenburger Stadtschreiber ernannt wurde, erinnerte ich mich sofort an die Urgro\u00dfmutter meiner Mutter.\u00a0 Die sollte aus Oldenburg stammen. Zumindest erinnerte ich, dass meine Mutter mir das irgendwann mal erz\u00e4hlt hatte. Und dass sie auch Sander hie\u00df, so wie die Familie meines Vaters.<\/p>\n<p>Damit kannst du ja deinen Blog beginnen, dachte ich. Aber es stimmt gar nicht. Meine Ururoma kam aus Ostpreu\u00dfen, wie dieser gesamte Zweig der Familie. Sie hie\u00df aber Sander, wenigstens das stimmte.<\/p>\n<p>Warum habe ich mir aber eingebildet, dass sie aus Oldenburg stammt? Dann h\u00e4tte sie doch auch aus Bremen kommen k\u00f6nnen oder aus Oldenburg in Holstein. Aber mein Ged\u00e4chtnis war sicher, dass sie aus Oldenburg in Oldenburg stammt.<\/p>\n<p>Sie muss so um 1870 geboren worden sein. Und vielleicht war sie, so dachte ich, eine stolze B\u00fcrgerstochter, oder sie w\u00e4re als Dienstmagd von Oldenburg nach Labiau in Ostpreu\u00dfen gegangen und h\u00e4tte dort meinen Ururgro\u00dfvater kennen gelernt. Beim Tanzen. H\u00e4tte sich ein bisschen \u00fcber den merkw\u00fcrdigen Dialekt am\u00fcsiert, ihn dann aber doch geheiratet. Weil er gut k\u00fcssen konnte und sie an ihren Oldenburger Lieblingscousin erinnerte, der K\u00fcrschner war in der Kurzen Stra\u00dfe.<\/p>\n<p>So ist das mit der Erinnerung und der Wirklichkeit. Die stimmen oft nicht \u00fcberein. Aber manchmal entstehen aus der Differenz Geschichten.<\/p>\n","protected":false},"excerpt":{"rendered":"<p>geschrieben am 20.03.2012 Ich habe keine verwandtschaftlichen Beziehungen nach Oldenburg. Dabei h\u00e4tte das so gut gepasst. Als ich zum Virtuellen Oldenburger Stadtschreiber ernannt wurde, erinnerte ich mich sofort an die Urgro\u00dfmutter meiner Mutter.\u00a0 Die sollte aus Oldenburg stammen. Zumindest erinnerte &hellip; <a href=\"http:\/\/www.blogbuch-oldenburg.de\/?p=258\">Weiterlesen <span class=\"meta-nav\">&rarr;<\/span><\/a><\/p>\n","protected":false},"author":1,"featured_media":0,"comment_status":"closed","ping_status":"closed","sticky":false,"template":"","format":"standard","meta":[],"categories":[2],"tags":[],"_links":{"self":[{"href":"http:\/\/www.blogbuch-oldenburg.de\/index.php?rest_route=\/wp\/v2\/posts\/258"}],"collection":[{"href":"http:\/\/www.blogbuch-oldenburg.de\/index.php?rest_route=\/wp\/v2\/posts"}],"about":[{"href":"http:\/\/www.blogbuch-oldenburg.de\/index.php?rest_route=\/wp\/v2\/types\/post"}],"author":[{"embeddable":true,"href":"http:\/\/www.blogbuch-oldenburg.de\/index.php?rest_route=\/wp\/v2\/users\/1"}],"replies":[{"embeddable":true,"href":"http:\/\/www.blogbuch-oldenburg.de\/index.php?rest_route=%2Fwp%2Fv2%2Fcomments&post=258"}],"version-history":[{"count":1,"href":"http:\/\/www.blogbuch-oldenburg.de\/index.php?rest_route=\/wp\/v2\/posts\/258\/revisions"}],"predecessor-version":[{"id":259,"href":"http:\/\/www.blogbuch-oldenburg.de\/index.php?rest_route=\/wp\/v2\/posts\/258\/revisions\/259"}],"wp:attachment":[{"href":"http:\/\/www.blogbuch-oldenburg.de\/index.php?rest_route=%2Fwp%2Fv2%2Fmedia&parent=258"}],"wp:term":[{"taxonomy":"category","embeddable":true,"href":"http:\/\/www.blogbuch-oldenburg.de\/index.php?rest_route=%2Fwp%2Fv2%2Fcategories&post=258"},{"taxonomy":"post_tag","embeddable":true,"href":"http:\/\/www.blogbuch-oldenburg.de\/index.php?rest_route=%2Fwp%2Fv2%2Ftags&post=258"}],"curies":[{"name":"wp","href":"https:\/\/api.w.org\/{rel}","templated":true}]}}