{"id":278,"date":"2013-12-18T16:01:05","date_gmt":"2013-12-18T14:01:05","guid":{"rendered":"http:\/\/jazzagent.de\/blogbuch\/?p=278"},"modified":"2014-01-13T16:35:20","modified_gmt":"2014-01-13T14:35:20","slug":"vorfreude-in-wechloy","status":"publish","type":"post","link":"http:\/\/www.blogbuch-oldenburg.de\/?p=278","title":{"rendered":"Vorfreude in Wechloy"},"content":{"rendered":"<p>geschrieben am 18.12.2011<\/p>\n<p><a href=\"http:\/\/www.blogbuch-oldenburg.de\/?attachment_id=499\" rel=\"attachment wp-att-499\"><img decoding=\"async\" loading=\"lazy\" class=\"alignleft size-thumbnail wp-image-499\" alt=\"2011_12_18_Bild1_gross\" src=\"http:\/\/www.blogbuch-oldenburg.de\/wp-content\/uploads\/2011_12_18_Bild1_gross-200x125.png\" width=\"200\" height=\"125\" srcset=\"http:\/\/www.blogbuch-oldenburg.de\/wp-content\/uploads\/2011_12_18_Bild1_gross-200x125.png 200w, http:\/\/www.blogbuch-oldenburg.de\/wp-content\/uploads\/2011_12_18_Bild1_gross-300x187.png 300w, http:\/\/www.blogbuch-oldenburg.de\/wp-content\/uploads\/2011_12_18_Bild1_gross-480x300.png 480w, http:\/\/www.blogbuch-oldenburg.de\/wp-content\/uploads\/2011_12_18_Bild1_gross.png 800w\" sizes=\"(max-width: 200px) 100vw, 200px\" \/><\/a>Weihnachten ist das Fest der Familia. Das darf man in all dem Trubel niemals vergessen, und deshalb spaziere ich in der Adventszeit jeden Abend zum Familia Einkaufsland Wechloy und f\u00fchle mich festlich. Die schummrige Neonbeleuchtung, der still und klar ruhende Parkplatz, die winterliche Luft \u2013 da kann die Besinnlichkeit gar nicht anders, als sich sanft und flauschig \u00fcber mich zu legen.<\/p>\n<p>Vorsichtig schaue ich noch einmal nach all den schlafenden Gesch\u00e4ften, nach H&amp;M und Mister Minit, nach Cecil und Street One und nat\u00fcrlich auch nach der kleinen Bon Bon Confektionary. Ich h\u00f6re ihr gleichm\u00e4\u00dfiges Atmen, das leise Rascheln, hin und wieder ein Seufzen, ein vertr\u00e4umtes Wort. Die Vorfreude spiegelt sich selbst jetzt noch in ihren Gesichtern. Ach, der Advent in Wechloy. Ach, die geheiligte Zeit.<\/p>\n","protected":false},"excerpt":{"rendered":"<p>geschrieben am 18.12.2011 Weihnachten ist das Fest der Familia. Das darf man in all dem Trubel niemals vergessen, und deshalb spaziere ich in der Adventszeit jeden Abend zum Familia Einkaufsland Wechloy und f\u00fchle mich festlich. Die schummrige Neonbeleuchtung, der still &hellip; <a href=\"http:\/\/www.blogbuch-oldenburg.de\/?p=278\">Weiterlesen <span class=\"meta-nav\">&rarr;<\/span><\/a><\/p>\n","protected":false},"author":1,"featured_media":0,"comment_status":"closed","ping_status":"closed","sticky":false,"template":"","format":"standard","meta":[],"categories":[4],"tags":[],"_links":{"self":[{"href":"http:\/\/www.blogbuch-oldenburg.de\/index.php?rest_route=\/wp\/v2\/posts\/278"}],"collection":[{"href":"http:\/\/www.blogbuch-oldenburg.de\/index.php?rest_route=\/wp\/v2\/posts"}],"about":[{"href":"http:\/\/www.blogbuch-oldenburg.de\/index.php?rest_route=\/wp\/v2\/types\/post"}],"author":[{"embeddable":true,"href":"http:\/\/www.blogbuch-oldenburg.de\/index.php?rest_route=\/wp\/v2\/users\/1"}],"replies":[{"embeddable":true,"href":"http:\/\/www.blogbuch-oldenburg.de\/index.php?rest_route=%2Fwp%2Fv2%2Fcomments&post=278"}],"version-history":[{"count":3,"href":"http:\/\/www.blogbuch-oldenburg.de\/index.php?rest_route=\/wp\/v2\/posts\/278\/revisions"}],"predecessor-version":[{"id":500,"href":"http:\/\/www.blogbuch-oldenburg.de\/index.php?rest_route=\/wp\/v2\/posts\/278\/revisions\/500"}],"wp:attachment":[{"href":"http:\/\/www.blogbuch-oldenburg.de\/index.php?rest_route=%2Fwp%2Fv2%2Fmedia&parent=278"}],"wp:term":[{"taxonomy":"category","embeddable":true,"href":"http:\/\/www.blogbuch-oldenburg.de\/index.php?rest_route=%2Fwp%2Fv2%2Fcategories&post=278"},{"taxonomy":"post_tag","embeddable":true,"href":"http:\/\/www.blogbuch-oldenburg.de\/index.php?rest_route=%2Fwp%2Fv2%2Ftags&post=278"}],"curies":[{"name":"wp","href":"https:\/\/api.w.org\/{rel}","templated":true}]}}