{"id":284,"date":"2013-12-18T16:09:02","date_gmt":"2013-12-18T14:09:02","guid":{"rendered":"http:\/\/jazzagent.de\/blogbuch\/?p=284"},"modified":"2014-01-13T16:37:37","modified_gmt":"2014-01-13T14:37:37","slug":"memento-lofti","status":"publish","type":"post","link":"http:\/\/www.blogbuch-oldenburg.de\/?p=284","title":{"rendered":"Memento Lofti"},"content":{"rendered":"<p>geschrieben am 06.12.2011<\/p>\n<p><a href=\"http:\/\/www.blogbuch-oldenburg.de\/?attachment_id=503\" rel=\"attachment wp-att-503\"><img decoding=\"async\" loading=\"lazy\" class=\"alignleft size-thumbnail wp-image-503\" alt=\"2011_12_06_Bild1_gross\" src=\"http:\/\/www.blogbuch-oldenburg.de\/wp-content\/uploads\/2011_12_06_Bild1_gross-150x200.jpg\" width=\"150\" height=\"200\" srcset=\"http:\/\/www.blogbuch-oldenburg.de\/wp-content\/uploads\/2011_12_06_Bild1_gross-150x200.jpg 150w, http:\/\/www.blogbuch-oldenburg.de\/wp-content\/uploads\/2011_12_06_Bild1_gross-225x300.jpg 225w, http:\/\/www.blogbuch-oldenburg.de\/wp-content\/uploads\/2011_12_06_Bild1_gross.jpg 600w\" sizes=\"(max-width: 150px) 100vw, 150px\" \/><\/a>Zum ersten Mal in diesem Blog schreibe ich ihn wirklich in Oldenburg. Ganz ehrlich. Ich schw\u00f6re.<\/p>\n<p>Ich sitze in einem Caf\u00e9 in der Fu\u00dfg\u00e4ngerzone, in dem ich 2003 schon einmal sa\u00df und 2008 noch einmal, und im Juli diesen Jahres sa\u00df ich wieder hier. Es ist ein okayes Caf\u00e9. Ich besuche es haupts\u00e4chlich, um mich an meine fr\u00fcheren Besuche zu erinnern. Ich kann mich da hinten an einem Tisch sitzen sehen, acht Jahre j\u00fcnger, und dort, drei Jahre j\u00fcnger, an dem anderen Tisch, und da vorn sitze ich auch, und sehe noch fast genau so aus. Und nun sitze ich halt an diesem Tisch, im aktuellen Alter, und ich sp\u00fcre schon meine Blicke auf mir in zwei oder f\u00fcnf oder dreizehn Jahren. Ich bin schon Erinnerung. Ich bin l\u00e4ngst j\u00fcngere Variante eines \u00e4lteren Ich. &#8222;Bin ich Kino?&#8220;, raunze ich mich an, und was es da zu glotzen gebe, und ich strecke mir heimlich die Zunge raus.<\/p>\n<p>Irgendwann wird auch das \u00e4ltere Ich von einem noch \u00e4lteren angeschaut werden. Irgendwann werden alle Tische mit mir besetzt sein, auch die Hocker an der Theke, das ganze Caf\u00e9 wird voll von mir sein, ich trete mir auf die F\u00fc\u00dfe, ich entschuldige mich bei mir, ich frage mich gegenseitig, ob ich w\u00fcsste wie viel Uhr es sei, oder welches Jahr. Und irgendwann werde ich gar nicht mehr ins Caf\u00e9 hineinpassen. Ich lasse mir einfach keinen Platz mehr. Ich stehe drau\u00dfen vor der Scheibe. Der Nieselregen hat aufgeh\u00f6rt, um mich herum laufen lauter Oldenburger mit Einkaufstaschen und Pl\u00e4nen, ich winke kurz ins Caf\u00e9, keiner von mir bemerkt mich, und ich drehe mich um, um woanders hin zu gehen, irgendwohin, wo ich mich nicht kenne.<\/p>\n","protected":false},"excerpt":{"rendered":"<p>geschrieben am 06.12.2011 Zum ersten Mal in diesem Blog schreibe ich ihn wirklich in Oldenburg. Ganz ehrlich. Ich schw\u00f6re. Ich sitze in einem Caf\u00e9 in der Fu\u00dfg\u00e4ngerzone, in dem ich 2003 schon einmal sa\u00df und 2008 noch einmal, und im &hellip; <a href=\"http:\/\/www.blogbuch-oldenburg.de\/?p=284\">Weiterlesen <span class=\"meta-nav\">&rarr;<\/span><\/a><\/p>\n","protected":false},"author":1,"featured_media":0,"comment_status":"closed","ping_status":"closed","sticky":false,"template":"","format":"standard","meta":[],"categories":[4],"tags":[],"_links":{"self":[{"href":"http:\/\/www.blogbuch-oldenburg.de\/index.php?rest_route=\/wp\/v2\/posts\/284"}],"collection":[{"href":"http:\/\/www.blogbuch-oldenburg.de\/index.php?rest_route=\/wp\/v2\/posts"}],"about":[{"href":"http:\/\/www.blogbuch-oldenburg.de\/index.php?rest_route=\/wp\/v2\/types\/post"}],"author":[{"embeddable":true,"href":"http:\/\/www.blogbuch-oldenburg.de\/index.php?rest_route=\/wp\/v2\/users\/1"}],"replies":[{"embeddable":true,"href":"http:\/\/www.blogbuch-oldenburg.de\/index.php?rest_route=%2Fwp%2Fv2%2Fcomments&post=284"}],"version-history":[{"count":3,"href":"http:\/\/www.blogbuch-oldenburg.de\/index.php?rest_route=\/wp\/v2\/posts\/284\/revisions"}],"predecessor-version":[{"id":504,"href":"http:\/\/www.blogbuch-oldenburg.de\/index.php?rest_route=\/wp\/v2\/posts\/284\/revisions\/504"}],"wp:attachment":[{"href":"http:\/\/www.blogbuch-oldenburg.de\/index.php?rest_route=%2Fwp%2Fv2%2Fmedia&parent=284"}],"wp:term":[{"taxonomy":"category","embeddable":true,"href":"http:\/\/www.blogbuch-oldenburg.de\/index.php?rest_route=%2Fwp%2Fv2%2Fcategories&post=284"},{"taxonomy":"post_tag","embeddable":true,"href":"http:\/\/www.blogbuch-oldenburg.de\/index.php?rest_route=%2Fwp%2Fv2%2Ftags&post=284"}],"curies":[{"name":"wp","href":"https:\/\/api.w.org\/{rel}","templated":true}]}}