{"id":292,"date":"2013-12-18T16:14:58","date_gmt":"2013-12-18T14:14:58","guid":{"rendered":"http:\/\/jazzagent.de\/blogbuch\/?p=292"},"modified":"2014-01-13T16:43:29","modified_gmt":"2014-01-13T14:43:29","slug":"die-geister-von-ohmstede","status":"publish","type":"post","link":"http:\/\/www.blogbuch-oldenburg.de\/?p=292","title":{"rendered":"Die Geister von Ohmstede"},"content":{"rendered":"<p>geschrieben am 27.11.2011<\/p>\n<p><a href=\"http:\/\/www.blogbuch-oldenburg.de\/?attachment_id=510\" rel=\"attachment wp-att-510\"><img decoding=\"async\" loading=\"lazy\" class=\"alignleft size-thumbnail wp-image-510\" alt=\"2011_11_27_Bild1_gross\" src=\"http:\/\/www.blogbuch-oldenburg.de\/wp-content\/uploads\/2011_11_27_Bild1_gross-200x125.png\" width=\"200\" height=\"125\" srcset=\"http:\/\/www.blogbuch-oldenburg.de\/wp-content\/uploads\/2011_11_27_Bild1_gross-200x125.png 200w, http:\/\/www.blogbuch-oldenburg.de\/wp-content\/uploads\/2011_11_27_Bild1_gross-300x187.png 300w, http:\/\/www.blogbuch-oldenburg.de\/wp-content\/uploads\/2011_11_27_Bild1_gross-480x300.png 480w, http:\/\/www.blogbuch-oldenburg.de\/wp-content\/uploads\/2011_11_27_Bild1_gross.png 800w\" sizes=\"(max-width: 200px) 100vw, 200px\" \/><\/a>Einige Oldenburger werden sich daran erinnern, dass Ohmstede noch bis weit in die 1970er Jahre ein beliebtes Stadtviertel f\u00fcr Geister aller Art war. Zeitweise lebten dort bis zu sechshundert von ihnen, und zwar alles andere als schlecht. Es gab Geistercaf\u00e9s und Geisterfris\u00f6re, es gab Geisterbekleidungsgesch\u00e4fte und mit dem legend\u00e4ren <em>GTV Ohmstede<\/em> den ersten Geisterturnverein Deutschlands. Bei der Kommunalwahl 1972 errang Willibert von Schreckenstein sogar kurzzeitig einen Sitz im Stadtrat, bevor er wenige Wochen sp\u00e4ter wegen der sogenannten Betttuch-Aff\u00e4re zur\u00fccktretet musste.<\/p>\n<p>All das ist lange her. Im Juni 2009 verlie\u00df Casper der Preis-Geist als letzter seiner Art das Stadtviertel. Die Gr\u00fcnde sind bekannt: steigende Mieten, das Einstellen der Geisterbahn nach Brake im Jahr 1976 und schlie\u00dflich Oldenburgs Bewerbung als Stadt der Wissenschaft, bei der alles \u00dcbernat\u00fcrliche notd\u00fcrftig aus dem Stadtbild entfernt werden musste.<\/p>\n<p>Casper der Preis-Geist lebt jetzt zur\u00fcckgezogen in der N\u00e4he von Elsfleth. Und in Ohmstede hat man sich an die Stille nach Mitternacht l\u00e4ngst gew\u00f6hnt. Man geht schlie\u00dflich mit der Zeit und hofft, dass sie den Weg kennt.<\/p>\n","protected":false},"excerpt":{"rendered":"<p>geschrieben am 27.11.2011 Einige Oldenburger werden sich daran erinnern, dass Ohmstede noch bis weit in die 1970er Jahre ein beliebtes Stadtviertel f\u00fcr Geister aller Art war. Zeitweise lebten dort bis zu sechshundert von ihnen, und zwar alles andere als schlecht. &hellip; <a href=\"http:\/\/www.blogbuch-oldenburg.de\/?p=292\">Weiterlesen <span class=\"meta-nav\">&rarr;<\/span><\/a><\/p>\n","protected":false},"author":1,"featured_media":0,"comment_status":"closed","ping_status":"closed","sticky":false,"template":"","format":"standard","meta":[],"categories":[4],"tags":[],"_links":{"self":[{"href":"http:\/\/www.blogbuch-oldenburg.de\/index.php?rest_route=\/wp\/v2\/posts\/292"}],"collection":[{"href":"http:\/\/www.blogbuch-oldenburg.de\/index.php?rest_route=\/wp\/v2\/posts"}],"about":[{"href":"http:\/\/www.blogbuch-oldenburg.de\/index.php?rest_route=\/wp\/v2\/types\/post"}],"author":[{"embeddable":true,"href":"http:\/\/www.blogbuch-oldenburg.de\/index.php?rest_route=\/wp\/v2\/users\/1"}],"replies":[{"embeddable":true,"href":"http:\/\/www.blogbuch-oldenburg.de\/index.php?rest_route=%2Fwp%2Fv2%2Fcomments&post=292"}],"version-history":[{"count":2,"href":"http:\/\/www.blogbuch-oldenburg.de\/index.php?rest_route=\/wp\/v2\/posts\/292\/revisions"}],"predecessor-version":[{"id":511,"href":"http:\/\/www.blogbuch-oldenburg.de\/index.php?rest_route=\/wp\/v2\/posts\/292\/revisions\/511"}],"wp:attachment":[{"href":"http:\/\/www.blogbuch-oldenburg.de\/index.php?rest_route=%2Fwp%2Fv2%2Fmedia&parent=292"}],"wp:term":[{"taxonomy":"category","embeddable":true,"href":"http:\/\/www.blogbuch-oldenburg.de\/index.php?rest_route=%2Fwp%2Fv2%2Fcategories&post=292"},{"taxonomy":"post_tag","embeddable":true,"href":"http:\/\/www.blogbuch-oldenburg.de\/index.php?rest_route=%2Fwp%2Fv2%2Ftags&post=292"}],"curies":[{"name":"wp","href":"https:\/\/api.w.org\/{rel}","templated":true}]}}