{"id":310,"date":"2013-12-18T16:28:40","date_gmt":"2013-12-18T14:28:40","guid":{"rendered":"http:\/\/jazzagent.de\/blogbuch\/?p=310"},"modified":"2014-01-13T16:48:45","modified_gmt":"2014-01-13T14:48:45","slug":"die-fehlende-erinnerung-an-das-fotografieren-eines-frierenden-sonnenschirms-in-krusenbusch","status":"publish","type":"post","link":"http:\/\/www.blogbuch-oldenburg.de\/?p=310","title":{"rendered":"Die fehlende Erinnerung an das Fotografieren eines frierenden Sonnenschirms in Krusenbusch"},"content":{"rendered":"<p>geschrieben am 13.11.2011<\/p>\n<p><a href=\"http:\/\/www.blogbuch-oldenburg.de\/?attachment_id=518\" rel=\"attachment wp-att-518\"><img decoding=\"async\" loading=\"lazy\" class=\"alignleft size-thumbnail wp-image-518\" alt=\"2011_11_13_Bild1_gross\" src=\"http:\/\/www.blogbuch-oldenburg.de\/wp-content\/uploads\/2011_11_13_Bild1_gross-200x125.png\" width=\"200\" height=\"125\" srcset=\"http:\/\/www.blogbuch-oldenburg.de\/wp-content\/uploads\/2011_11_13_Bild1_gross-200x125.png 200w, http:\/\/www.blogbuch-oldenburg.de\/wp-content\/uploads\/2011_11_13_Bild1_gross-300x187.png 300w, http:\/\/www.blogbuch-oldenburg.de\/wp-content\/uploads\/2011_11_13_Bild1_gross-480x300.png 480w, http:\/\/www.blogbuch-oldenburg.de\/wp-content\/uploads\/2011_11_13_Bild1_gross.png 800w\" sizes=\"(max-width: 200px) 100vw, 200px\" \/><\/a>Wie gerne h\u00e4tte ich am 20. Oktober 2006 dieses Foto gemacht, um mich heute, \u00fcber f\u00fcnf Jahre sp\u00e4ter, daran zu erinnern, wie ich es gemacht habe damals, um mich daran zu erinnern, wie ich mir damals vorgestellt habe, dass ich mich einmal an diesen Tag erinnern werde, in f\u00fcnf Jahren vielleicht, an diesen gar nicht besonderen Tag, an dem ich den eingeklappten Sonnenschirm im Garten fotografierte, weil er so aussah, als sei ihm etwas kalt. Mir fehlt diese Erinnerung. Und manchmal fehlt sie mir sogar sehr.<\/p>\n","protected":false},"excerpt":{"rendered":"<p>geschrieben am 13.11.2011 Wie gerne h\u00e4tte ich am 20. Oktober 2006 dieses Foto gemacht, um mich heute, \u00fcber f\u00fcnf Jahre sp\u00e4ter, daran zu erinnern, wie ich es gemacht habe damals, um mich daran zu erinnern, wie ich mir damals vorgestellt &hellip; <a href=\"http:\/\/www.blogbuch-oldenburg.de\/?p=310\">Weiterlesen <span class=\"meta-nav\">&rarr;<\/span><\/a><\/p>\n","protected":false},"author":1,"featured_media":0,"comment_status":"closed","ping_status":"closed","sticky":false,"template":"","format":"standard","meta":[],"categories":[4],"tags":[],"_links":{"self":[{"href":"http:\/\/www.blogbuch-oldenburg.de\/index.php?rest_route=\/wp\/v2\/posts\/310"}],"collection":[{"href":"http:\/\/www.blogbuch-oldenburg.de\/index.php?rest_route=\/wp\/v2\/posts"}],"about":[{"href":"http:\/\/www.blogbuch-oldenburg.de\/index.php?rest_route=\/wp\/v2\/types\/post"}],"author":[{"embeddable":true,"href":"http:\/\/www.blogbuch-oldenburg.de\/index.php?rest_route=\/wp\/v2\/users\/1"}],"replies":[{"embeddable":true,"href":"http:\/\/www.blogbuch-oldenburg.de\/index.php?rest_route=%2Fwp%2Fv2%2Fcomments&post=310"}],"version-history":[{"count":2,"href":"http:\/\/www.blogbuch-oldenburg.de\/index.php?rest_route=\/wp\/v2\/posts\/310\/revisions"}],"predecessor-version":[{"id":519,"href":"http:\/\/www.blogbuch-oldenburg.de\/index.php?rest_route=\/wp\/v2\/posts\/310\/revisions\/519"}],"wp:attachment":[{"href":"http:\/\/www.blogbuch-oldenburg.de\/index.php?rest_route=%2Fwp%2Fv2%2Fmedia&parent=310"}],"wp:term":[{"taxonomy":"category","embeddable":true,"href":"http:\/\/www.blogbuch-oldenburg.de\/index.php?rest_route=%2Fwp%2Fv2%2Fcategories&post=310"},{"taxonomy":"post_tag","embeddable":true,"href":"http:\/\/www.blogbuch-oldenburg.de\/index.php?rest_route=%2Fwp%2Fv2%2Ftags&post=310"}],"curies":[{"name":"wp","href":"https:\/\/api.w.org\/{rel}","templated":true}]}}