{"id":317,"date":"2013-12-18T16:31:54","date_gmt":"2013-12-18T14:31:54","guid":{"rendered":"http:\/\/jazzagent.de\/blogbuch\/?p=317"},"modified":"2014-01-13T16:53:11","modified_gmt":"2014-01-13T14:53:11","slug":"ausgegraben","status":"publish","type":"post","link":"http:\/\/www.blogbuch-oldenburg.de\/?p=317","title":{"rendered":"Ausgegraben"},"content":{"rendered":"<p>geschrieben am 03.11.2011<\/p>\n<p><a href=\"http:\/\/www.blogbuch-oldenburg.de\/?attachment_id=524\" rel=\"attachment wp-att-524\"><img decoding=\"async\" loading=\"lazy\" class=\"alignleft size-full wp-image-524\" alt=\"2011_11_03_Bild1_klein\" src=\"http:\/\/www.blogbuch-oldenburg.de\/wp-content\/uploads\/2011_11_03_Bild1_klein.jpg\" width=\"150\" height=\"166\" \/><\/a>Nur noch drei Tage lang ist die Ausstellung \u201eAusgegraben\u201c im Stadtmuseum Oldenburg zu sehen. Sie zeigt eine Vielzahl, von Artefakten, die bei der Grabung der Schlossh\u00f6fe entdeckt worden sind. Neben allerlei erwartbarem Krimskrams wie Tellern, Werkzeugen, Puppenk\u00f6pfen und Zugbr\u00fcckenfundamenten, finden sich auch mindestens f\u00fcnf arch\u00e4ologische Sensationen:<\/p>\n<p>1. Das goldene Hufeisen, das Graf Anton G\u00fcnthers Pferd Kranich f\u00fcr \u201e1000 unfallfreie Kilometer\u201c erhielt. Eine zu dieser Zeit \u00e4u\u00dferst seltene Auszeichnung.<\/p>\n<p>2. Die Grundmauern der legend\u00e4ren Gr\u00fcnkohl-Akademie aus dem fr\u00fchen 19. Jahrhundert, an der zu Hochzeiten Johann Friedrich Herbart, Wilhelm von Humboldt und \u00a0Karl-Theodor zu Guttenberg\u00a0 lehrten, forschten und speisten.<\/p>\n<p>3. Dieter Bohlens erste Single aus dem Jahr 1964: \u201e(Sie haben mich wieder) In den Klassenschrank gesperrt\u201c<\/p>\n<p>4. Der fehlende Punkt, der dem VfB Oldenburg in der Saison 1991\/92 den Aufstieg in die 1. Fu\u00dfball-Bundesliga beschert h\u00e4tte.<\/p>\n<p>5. Ulrich Eigenfelds erotische Gedichtb\u00e4nde: \u201eDu, Deutschland, lass uns heute Nacht ganz z\u00e4rtlich sein\u201c (1965), \u201eDeutschland, du machst mir feuchte Tr\u00e4ume\u201c (1967) und \u201eMeine H\u00e4nde auf deinen Alpen, mein Glied im Bodensee\u201c (2001).<\/p>\n","protected":false},"excerpt":{"rendered":"<p>geschrieben am 03.11.2011 Nur noch drei Tage lang ist die Ausstellung \u201eAusgegraben\u201c im Stadtmuseum Oldenburg zu sehen. Sie zeigt eine Vielzahl, von Artefakten, die bei der Grabung der Schlossh\u00f6fe entdeckt worden sind. Neben allerlei erwartbarem Krimskrams wie Tellern, Werkzeugen, Puppenk\u00f6pfen &hellip; <a href=\"http:\/\/www.blogbuch-oldenburg.de\/?p=317\">Weiterlesen <span class=\"meta-nav\">&rarr;<\/span><\/a><\/p>\n","protected":false},"author":1,"featured_media":0,"comment_status":"closed","ping_status":"closed","sticky":false,"template":"","format":"standard","meta":[],"categories":[4],"tags":[],"_links":{"self":[{"href":"http:\/\/www.blogbuch-oldenburg.de\/index.php?rest_route=\/wp\/v2\/posts\/317"}],"collection":[{"href":"http:\/\/www.blogbuch-oldenburg.de\/index.php?rest_route=\/wp\/v2\/posts"}],"about":[{"href":"http:\/\/www.blogbuch-oldenburg.de\/index.php?rest_route=\/wp\/v2\/types\/post"}],"author":[{"embeddable":true,"href":"http:\/\/www.blogbuch-oldenburg.de\/index.php?rest_route=\/wp\/v2\/users\/1"}],"replies":[{"embeddable":true,"href":"http:\/\/www.blogbuch-oldenburg.de\/index.php?rest_route=%2Fwp%2Fv2%2Fcomments&post=317"}],"version-history":[{"count":2,"href":"http:\/\/www.blogbuch-oldenburg.de\/index.php?rest_route=\/wp\/v2\/posts\/317\/revisions"}],"predecessor-version":[{"id":525,"href":"http:\/\/www.blogbuch-oldenburg.de\/index.php?rest_route=\/wp\/v2\/posts\/317\/revisions\/525"}],"wp:attachment":[{"href":"http:\/\/www.blogbuch-oldenburg.de\/index.php?rest_route=%2Fwp%2Fv2%2Fmedia&parent=317"}],"wp:term":[{"taxonomy":"category","embeddable":true,"href":"http:\/\/www.blogbuch-oldenburg.de\/index.php?rest_route=%2Fwp%2Fv2%2Fcategories&post=317"},{"taxonomy":"post_tag","embeddable":true,"href":"http:\/\/www.blogbuch-oldenburg.de\/index.php?rest_route=%2Fwp%2Fv2%2Ftags&post=317"}],"curies":[{"name":"wp","href":"https:\/\/api.w.org\/{rel}","templated":true}]}}