{"id":325,"date":"2013-12-18T16:34:57","date_gmt":"2013-12-18T14:34:57","guid":{"rendered":"http:\/\/jazzagent.de\/blogbuch\/?p=325"},"modified":"2014-01-13T20:40:21","modified_gmt":"2014-01-13T18:40:21","slug":"die-garagen-von-dietrichsfeld","status":"publish","type":"post","link":"http:\/\/www.blogbuch-oldenburg.de\/?p=325","title":{"rendered":"Die Garagen von Dietrichsfeld"},"content":{"rendered":"<p>geschrieben am 22.10.2011<\/p>\n<p><a href=\"http:\/\/www.blogbuch-oldenburg.de\/?attachment_id=530\" rel=\"attachment wp-att-530\"><img decoding=\"async\" loading=\"lazy\" class=\"alignleft size-thumbnail wp-image-530\" alt=\"2011_10_22_Bild1_gross\" src=\"http:\/\/www.blogbuch-oldenburg.de\/wp-content\/uploads\/2011_10_22_Bild1_gross-200x125.png\" width=\"200\" height=\"125\" srcset=\"http:\/\/www.blogbuch-oldenburg.de\/wp-content\/uploads\/2011_10_22_Bild1_gross-200x125.png 200w, http:\/\/www.blogbuch-oldenburg.de\/wp-content\/uploads\/2011_10_22_Bild1_gross-300x187.png 300w, http:\/\/www.blogbuch-oldenburg.de\/wp-content\/uploads\/2011_10_22_Bild1_gross-480x300.png 480w, http:\/\/www.blogbuch-oldenburg.de\/wp-content\/uploads\/2011_10_22_Bild1_gross.png 800w\" sizes=\"(max-width: 200px) 100vw, 200px\" \/><\/a>Ich kann mir nicht helfen, aber ich traue den Garagen nicht. Sie tun ganz harmlos mit ihren freundlichen bunten T\u00fcren, sie stehen artig in Reih und Glied, aber irgendetwas, da bin ich sicher, hecken sie aus. Es ist nicht leicht, ihnen auf die Schliche zu kommen, schlie\u00dflich sind es keine Anf\u00e4nger. Schon Jahre sind sie mit ihrem Plan befasst. Sie verstehen es, sich unschuldig zu geben, \u00f6ffnen ihre T\u00fcren, als ob nichts sei. Manchmal quietschen sie dabei kurz. Dann schweigen sie wieder, und ich lasse sie nicht aus den Augen.<\/p>\n","protected":false},"excerpt":{"rendered":"<p>geschrieben am 22.10.2011 Ich kann mir nicht helfen, aber ich traue den Garagen nicht. Sie tun ganz harmlos mit ihren freundlichen bunten T\u00fcren, sie stehen artig in Reih und Glied, aber irgendetwas, da bin ich sicher, hecken sie aus. Es &hellip; <a href=\"http:\/\/www.blogbuch-oldenburg.de\/?p=325\">Weiterlesen <span class=\"meta-nav\">&rarr;<\/span><\/a><\/p>\n","protected":false},"author":1,"featured_media":0,"comment_status":"closed","ping_status":"closed","sticky":false,"template":"","format":"standard","meta":[],"categories":[4],"tags":[],"_links":{"self":[{"href":"http:\/\/www.blogbuch-oldenburg.de\/index.php?rest_route=\/wp\/v2\/posts\/325"}],"collection":[{"href":"http:\/\/www.blogbuch-oldenburg.de\/index.php?rest_route=\/wp\/v2\/posts"}],"about":[{"href":"http:\/\/www.blogbuch-oldenburg.de\/index.php?rest_route=\/wp\/v2\/types\/post"}],"author":[{"embeddable":true,"href":"http:\/\/www.blogbuch-oldenburg.de\/index.php?rest_route=\/wp\/v2\/users\/1"}],"replies":[{"embeddable":true,"href":"http:\/\/www.blogbuch-oldenburg.de\/index.php?rest_route=%2Fwp%2Fv2%2Fcomments&post=325"}],"version-history":[{"count":2,"href":"http:\/\/www.blogbuch-oldenburg.de\/index.php?rest_route=\/wp\/v2\/posts\/325\/revisions"}],"predecessor-version":[{"id":531,"href":"http:\/\/www.blogbuch-oldenburg.de\/index.php?rest_route=\/wp\/v2\/posts\/325\/revisions\/531"}],"wp:attachment":[{"href":"http:\/\/www.blogbuch-oldenburg.de\/index.php?rest_route=%2Fwp%2Fv2%2Fmedia&parent=325"}],"wp:term":[{"taxonomy":"category","embeddable":true,"href":"http:\/\/www.blogbuch-oldenburg.de\/index.php?rest_route=%2Fwp%2Fv2%2Fcategories&post=325"},{"taxonomy":"post_tag","embeddable":true,"href":"http:\/\/www.blogbuch-oldenburg.de\/index.php?rest_route=%2Fwp%2Fv2%2Ftags&post=325"}],"curies":[{"name":"wp","href":"https:\/\/api.w.org\/{rel}","templated":true}]}}