{"id":337,"date":"2013-12-18T16:38:25","date_gmt":"2013-12-18T14:38:25","guid":{"rendered":"http:\/\/jazzagent.de\/blogbuch\/?p=337"},"modified":"2014-01-13T20:49:36","modified_gmt":"2014-01-13T18:49:36","slug":"ins-auge-des-sturms","status":"publish","type":"post","link":"http:\/\/www.blogbuch-oldenburg.de\/?p=337","title":{"rendered":"Ins Auge des Sturms"},"content":{"rendered":"<p>geschrieben am 28.09.2011<\/p>\n<p><a href=\"http:\/\/www.blogbuch-oldenburg.de\/?attachment_id=544\" rel=\"attachment wp-att-544\"><img decoding=\"async\" loading=\"lazy\" class=\"alignleft size-thumbnail wp-image-544\" alt=\"2011_09_28_Bild1_gross\" src=\"http:\/\/www.blogbuch-oldenburg.de\/wp-content\/uploads\/2011_09_28_Bild1_gross-200x150.jpg\" width=\"200\" height=\"150\" srcset=\"http:\/\/www.blogbuch-oldenburg.de\/wp-content\/uploads\/2011_09_28_Bild1_gross-200x150.jpg 200w, http:\/\/www.blogbuch-oldenburg.de\/wp-content\/uploads\/2011_09_28_Bild1_gross-300x225.jpg 300w, http:\/\/www.blogbuch-oldenburg.de\/wp-content\/uploads\/2011_09_28_Bild1_gross-400x300.jpg 400w, http:\/\/www.blogbuch-oldenburg.de\/wp-content\/uploads\/2011_09_28_Bild1_gross.jpg 800w\" sizes=\"(max-width: 200px) 100vw, 200px\" \/><\/a>Alle kommen aus Oldenburg. Oder aus der unmittelbaren N\u00e4he. Oder haben in Oldenburg studiert. Oder kennen jemanden, der aus Oldenburg kommt oder da studiert hat oder mal in der Mensa gegessen hat. Alle haben eine Tante von dort oder eine Stiefcousine oder zumindest eine Jacke, und alle treffe ich gerade t\u00e4glich Fr\u00fcher kannte ich niemanden, der irgendetwas mit Oldenburg zu tun hatte, .<a href=\"http:\/\/www.blogbuch-oldenburg.de\/?attachment_id=542\" rel=\"attachment wp-att-542\"><img decoding=\"async\" loading=\"lazy\" class=\"alignleft size-thumbnail wp-image-542\" alt=\"2011_09_28_Bild2_gross\" src=\"http:\/\/www.blogbuch-oldenburg.de\/wp-content\/uploads\/2011_09_28_Bild2_gross-200x150.jpg\" width=\"200\" height=\"150\" srcset=\"http:\/\/www.blogbuch-oldenburg.de\/wp-content\/uploads\/2011_09_28_Bild2_gross-200x150.jpg 200w, http:\/\/www.blogbuch-oldenburg.de\/wp-content\/uploads\/2011_09_28_Bild2_gross-300x225.jpg 300w, http:\/\/www.blogbuch-oldenburg.de\/wp-content\/uploads\/2011_09_28_Bild2_gross-400x300.jpg 400w, http:\/\/www.blogbuch-oldenburg.de\/wp-content\/uploads\/2011_09_28_Bild2_gross.jpg 800w\" sizes=\"(max-width: 200px) 100vw, 200px\" \/><\/a>und nun kenne ich niemanden mehr, der nichts mit Oldenburg zu tun hat. Pl\u00f6tzlich hei\u00dfen auch alle Kneipen \u201eOldenburger Klause\u201c oder \u201eOldenburger Stuben\u201c oder \u201eChez Oldenbourg\u201c, alle Stra\u00dfen werden nach Oldenburg benannt, weltweit, und alle Z\u00fcge, alle Busse fahren dorthin oder kommen gerade daher. Alles ist Oldenburg, oder war es oder wird es sein. <a href=\"http:\/\/www.blogbuch-oldenburg.de\/?attachment_id=549\" rel=\"attachment wp-att-549\"><img decoding=\"async\" loading=\"lazy\" src=\"http:\/\/www.blogbuch-oldenburg.de\/wp-content\/uploads\/2011_09_28_Bild3_gross-150x200.jpg\" alt=\"2011_09_28_Bild3_gross\" width=\"150\" height=\"200\" class=\"alignleft size-thumbnail wp-image-549\" srcset=\"http:\/\/www.blogbuch-oldenburg.de\/wp-content\/uploads\/2011_09_28_Bild3_gross-150x200.jpg 150w, http:\/\/www.blogbuch-oldenburg.de\/wp-content\/uploads\/2011_09_28_Bild3_gross-225x300.jpg 225w, http:\/\/www.blogbuch-oldenburg.de\/wp-content\/uploads\/2011_09_28_Bild3_gross.jpg 600w\" sizes=\"(max-width: 150px) 100vw, 150px\" \/><\/a>Kein anderes Wort ist mir in den letzten Monaten so h\u00e4ufig untergekommen, Oldenburg \u00fcberdeckt alles, es gibt einen Rettungsschirm f\u00fcr Oldenburg, Oldenburg wird in Algerien vermutet, Oldenburg bewegt sich schneller als das Licht, Oldenburg tritt wegen Burn-out zur\u00fcck. Es hilft nur eines: Ich muss mich ins Auge des Sturms bewegen, hinein in den Oldenburger Alltag, wo es kein Thema ist, nur Kulisse.<\/p>\n","protected":false},"excerpt":{"rendered":"<p>geschrieben am 28.09.2011 Alle kommen aus Oldenburg. Oder aus der unmittelbaren N\u00e4he. Oder haben in Oldenburg studiert. Oder kennen jemanden, der aus Oldenburg kommt oder da studiert hat oder mal in der Mensa gegessen hat. Alle haben eine Tante von &hellip; <a href=\"http:\/\/www.blogbuch-oldenburg.de\/?p=337\">Weiterlesen <span class=\"meta-nav\">&rarr;<\/span><\/a><\/p>\n","protected":false},"author":1,"featured_media":0,"comment_status":"closed","ping_status":"closed","sticky":false,"template":"","format":"standard","meta":[],"categories":[4],"tags":[],"_links":{"self":[{"href":"http:\/\/www.blogbuch-oldenburg.de\/index.php?rest_route=\/wp\/v2\/posts\/337"}],"collection":[{"href":"http:\/\/www.blogbuch-oldenburg.de\/index.php?rest_route=\/wp\/v2\/posts"}],"about":[{"href":"http:\/\/www.blogbuch-oldenburg.de\/index.php?rest_route=\/wp\/v2\/types\/post"}],"author":[{"embeddable":true,"href":"http:\/\/www.blogbuch-oldenburg.de\/index.php?rest_route=\/wp\/v2\/users\/1"}],"replies":[{"embeddable":true,"href":"http:\/\/www.blogbuch-oldenburg.de\/index.php?rest_route=%2Fwp%2Fv2%2Fcomments&post=337"}],"version-history":[{"count":7,"href":"http:\/\/www.blogbuch-oldenburg.de\/index.php?rest_route=\/wp\/v2\/posts\/337\/revisions"}],"predecessor-version":[{"id":550,"href":"http:\/\/www.blogbuch-oldenburg.de\/index.php?rest_route=\/wp\/v2\/posts\/337\/revisions\/550"}],"wp:attachment":[{"href":"http:\/\/www.blogbuch-oldenburg.de\/index.php?rest_route=%2Fwp%2Fv2%2Fmedia&parent=337"}],"wp:term":[{"taxonomy":"category","embeddable":true,"href":"http:\/\/www.blogbuch-oldenburg.de\/index.php?rest_route=%2Fwp%2Fv2%2Fcategories&post=337"},{"taxonomy":"post_tag","embeddable":true,"href":"http:\/\/www.blogbuch-oldenburg.de\/index.php?rest_route=%2Fwp%2Fv2%2Ftags&post=337"}],"curies":[{"name":"wp","href":"https:\/\/api.w.org\/{rel}","templated":true}]}}