{"id":341,"date":"2013-12-18T16:39:31","date_gmt":"2013-12-18T14:39:31","guid":{"rendered":"http:\/\/jazzagent.de\/blogbuch\/?p=341"},"modified":"2014-01-13T20:53:09","modified_gmt":"2014-01-13T18:53:09","slug":"der-letzte-schoene-herbsttag","status":"publish","type":"post","link":"http:\/\/www.blogbuch-oldenburg.de\/?p=341","title":{"rendered":"Der letzte sch\u00f6ne Herbsttag"},"content":{"rendered":"<p>geschrieben am 24.09.2011<\/p>\n<p><a href=\"http:\/\/www.blogbuch-oldenburg.de\/?attachment_id=553\" rel=\"attachment wp-att-553\"><img decoding=\"async\" loading=\"lazy\" src=\"http:\/\/www.blogbuch-oldenburg.de\/wp-content\/uploads\/2011_09_24_Bild1_gross-200x125.png\" alt=\"2011_09_24_Bild1_gross\" width=\"200\" height=\"125\" class=\"alignleft size-thumbnail wp-image-553\" srcset=\"http:\/\/www.blogbuch-oldenburg.de\/wp-content\/uploads\/2011_09_24_Bild1_gross-200x125.png 200w, http:\/\/www.blogbuch-oldenburg.de\/wp-content\/uploads\/2011_09_24_Bild1_gross-300x187.png 300w, http:\/\/www.blogbuch-oldenburg.de\/wp-content\/uploads\/2011_09_24_Bild1_gross-480x300.png 480w, http:\/\/www.blogbuch-oldenburg.de\/wp-content\/uploads\/2011_09_24_Bild1_gross.png 800w\" sizes=\"(max-width: 200px) 100vw, 200px\" \/><\/a>Der Herbst macht mich immer nerv\u00f6s. Jedenfalls dieser erste Teil des Herbstes, der so au\u00dferordentlich sch\u00f6n und so au\u00dferordentlich kurz ist, dass ich die ganze Zeit herumlaufen muss, um ja nichts davon zu verpassen. Ich hetze in den letzten Sonneresten durch die sich f\u00e4rbenden Bl\u00e4tter und alles ist malerisch, nur ich st\u00f6re das Malerische durch mein Gehetze, durch meine Unf\u00e4higkeit, irgendetwas davon zu genie\u00dfen, aus Angst davor, es nicht ausreichend genossen zu haben, bevor es vorbei geht, und dann f\u00e4llt mir auf, dass ich dieses Gef\u00fchl nicht nur dem Herbst sondern dem ganzen Leben gegen\u00fcber empfinde, und es ist ganz vorbei mit dem Genie\u00dfen.<\/p>\n<p><a href=\"http:\/\/www.blogbuch-oldenburg.de\/?attachment_id=554\" rel=\"attachment wp-att-554\"><img decoding=\"async\" loading=\"lazy\" src=\"http:\/\/www.blogbuch-oldenburg.de\/wp-content\/uploads\/2011_09_24_Bild2_gross-200x125.png\" alt=\"2011_09_24_Bild2_gross\" width=\"200\" height=\"125\" class=\"alignleft size-thumbnail wp-image-554\" srcset=\"http:\/\/www.blogbuch-oldenburg.de\/wp-content\/uploads\/2011_09_24_Bild2_gross-200x125.png 200w, http:\/\/www.blogbuch-oldenburg.de\/wp-content\/uploads\/2011_09_24_Bild2_gross-300x187.png 300w, http:\/\/www.blogbuch-oldenburg.de\/wp-content\/uploads\/2011_09_24_Bild2_gross-480x300.png 480w, http:\/\/www.blogbuch-oldenburg.de\/wp-content\/uploads\/2011_09_24_Bild2_gross.png 800w\" sizes=\"(max-width: 200px) 100vw, 200px\" \/><\/a>Dann fl\u00fcchte ich schnell ins Internet, das mit Verg\u00e4nglichkeit wenig am Hut hat. Bei Google Earth scheint immer Sommer in Oldenburg zu sein, die B\u00e4ume sind best\u00e4ndig gr\u00fcn, die H\u00e4user werfen klare Schatten, und wenn man einen sch\u00f6nen Herbsttag m\u00f6chte, dann klickt man sich durch die Dutzende von Benutzern eingef\u00fcgten Fotos vom Schlossgarten oder dem Eversten Holz, denn auf den meisten von ihnen sind die Bl\u00e4tter verf\u00e4rbt, und die \u00fcbrigen zeigen klare verschneite Wintertage, erstes Knospen, Morgennebel oder eine laue Sommerstimmung, was man auch noch alles gelten l\u00e4sst. <a href=\"http:\/\/www.blogbuch-oldenburg.de\/?attachment_id=556\" rel=\"attachment wp-att-556\"><img decoding=\"async\" loading=\"lazy\" src=\"http:\/\/www.blogbuch-oldenburg.de\/wp-content\/uploads\/2011_09_24_Bild3_gross-200x125.png\" alt=\"2011_09_24_Bild3_gross\" width=\"200\" height=\"125\" class=\"alignleft size-thumbnail wp-image-556\" srcset=\"http:\/\/www.blogbuch-oldenburg.de\/wp-content\/uploads\/2011_09_24_Bild3_gross-200x125.png 200w, http:\/\/www.blogbuch-oldenburg.de\/wp-content\/uploads\/2011_09_24_Bild3_gross-300x187.png 300w, http:\/\/www.blogbuch-oldenburg.de\/wp-content\/uploads\/2011_09_24_Bild3_gross-480x300.png 480w, http:\/\/www.blogbuch-oldenburg.de\/wp-content\/uploads\/2011_09_24_Bild3_gross.png 800w\" sizes=\"(max-width: 200px) 100vw, 200px\" \/><\/a>Bis man irgendwann dem ganzen Malerischen nicht mehr ganz traut, bis man sich Nieselregen herbeiw\u00fcnscht, Schneematsch, einen tr\u00fcben Dienstagvormittag, all das, bei dem man nie Angst hat, es zu verpassen, all das, was nie festgehalten wird, weil es scheinbar genug davon gibt, aber bei den Fotos auf Google Earth gibt es ganz und gar nicht genug davon, da reiht sich Au\u00dfergew\u00f6hnliches an Au\u00dfergew\u00f6hnliches, bis es einfach nicht mehr au\u00dfergew\u00f6hnlich ist. Und dann, ganz zum Schluss, finde ich es doch: Ein Bild vom Nordeingang zum Eversten Holz, Regentropfen in einer ausufernden Pf\u00fctze, ein prosaisches Stra\u00dfenschild, schlammiger Boden. Und ich komme endlich endlich zur Ruhe.<\/p>\n","protected":false},"excerpt":{"rendered":"<p>geschrieben am 24.09.2011 Der Herbst macht mich immer nerv\u00f6s. Jedenfalls dieser erste Teil des Herbstes, der so au\u00dferordentlich sch\u00f6n und so au\u00dferordentlich kurz ist, dass ich die ganze Zeit herumlaufen muss, um ja nichts davon zu verpassen. Ich hetze in &hellip; <a href=\"http:\/\/www.blogbuch-oldenburg.de\/?p=341\">Weiterlesen <span class=\"meta-nav\">&rarr;<\/span><\/a><\/p>\n","protected":false},"author":1,"featured_media":0,"comment_status":"closed","ping_status":"closed","sticky":false,"template":"","format":"standard","meta":[],"categories":[4],"tags":[],"_links":{"self":[{"href":"http:\/\/www.blogbuch-oldenburg.de\/index.php?rest_route=\/wp\/v2\/posts\/341"}],"collection":[{"href":"http:\/\/www.blogbuch-oldenburg.de\/index.php?rest_route=\/wp\/v2\/posts"}],"about":[{"href":"http:\/\/www.blogbuch-oldenburg.de\/index.php?rest_route=\/wp\/v2\/types\/post"}],"author":[{"embeddable":true,"href":"http:\/\/www.blogbuch-oldenburg.de\/index.php?rest_route=\/wp\/v2\/users\/1"}],"replies":[{"embeddable":true,"href":"http:\/\/www.blogbuch-oldenburg.de\/index.php?rest_route=%2Fwp%2Fv2%2Fcomments&post=341"}],"version-history":[{"count":3,"href":"http:\/\/www.blogbuch-oldenburg.de\/index.php?rest_route=\/wp\/v2\/posts\/341\/revisions"}],"predecessor-version":[{"id":557,"href":"http:\/\/www.blogbuch-oldenburg.de\/index.php?rest_route=\/wp\/v2\/posts\/341\/revisions\/557"}],"wp:attachment":[{"href":"http:\/\/www.blogbuch-oldenburg.de\/index.php?rest_route=%2Fwp%2Fv2%2Fmedia&parent=341"}],"wp:term":[{"taxonomy":"category","embeddable":true,"href":"http:\/\/www.blogbuch-oldenburg.de\/index.php?rest_route=%2Fwp%2Fv2%2Fcategories&post=341"},{"taxonomy":"post_tag","embeddable":true,"href":"http:\/\/www.blogbuch-oldenburg.de\/index.php?rest_route=%2Fwp%2Fv2%2Ftags&post=341"}],"curies":[{"name":"wp","href":"https:\/\/api.w.org\/{rel}","templated":true}]}}