{"id":351,"date":"2014-01-01T13:32:14","date_gmt":"2014-01-01T11:32:14","guid":{"rendered":"http:\/\/jazzagent.de\/blogbuch\/?p=351"},"modified":"2014-01-13T21:21:51","modified_gmt":"2014-01-13T19:21:51","slug":"oldenburg-ein-fest-fuers-leben","status":"publish","type":"post","link":"http:\/\/www.blogbuch-oldenburg.de\/?p=351","title":{"rendered":"Oldenburg &#8211; ein Fest f\u00fcrs Leben"},"content":{"rendered":"<p>geschrieben am 09.09.2011<\/p>\n<p><a href=\"http:\/\/www.blogbuch-oldenburg.de\/?attachment_id=577\" rel=\"attachment wp-att-577\"><img decoding=\"async\" loading=\"lazy\" class=\"alignleft size-thumbnail wp-image-577\" alt=\"2011_09_09_Bild1_klein\" src=\"http:\/\/www.blogbuch-oldenburg.de\/wp-content\/uploads\/2011_09_09_Bild1_klein-200x133.jpg\" width=\"200\" height=\"133\" srcset=\"http:\/\/www.blogbuch-oldenburg.de\/wp-content\/uploads\/2011_09_09_Bild1_klein-200x133.jpg 200w, http:\/\/www.blogbuch-oldenburg.de\/wp-content\/uploads\/2011_09_09_Bild1_klein.jpg 210w\" sizes=\"(max-width: 200px) 100vw, 200px\" \/><\/a>Ich muss zugeben, ich bin etwas verwirrt. Das liegt zum Teil daran, dass ich Fieber habe, zum Teil aber auch daran, dass es einfach zu viele Feste in Oldenburg gibt. Das ist f\u00fcr die Feiernden bestimmt wundervoll, als Au\u00dfenstehenden aber schlicht \u00fcberfordernd. Seitdem ich virtueller Stadtschreiber bin gab es den Kultursommer, den Hafentag, den Keramikmarkt und das Stadtfest, nun kommt allein in den n\u00e4chsten Wochen der Kramermarkt dazu, das Filmfest, das Weinfest, der Modeherbst, und nicht zu vergessen: \u201eOsternburg verw\u00f6hnt\u201c.<\/p>\n<p>Von au\u00dfen betrachtet geht in Oldenburg ein Fest gleich in das n\u00e4chste \u00fcber, von au\u00dfen betrachtet m\u00fcssen St\u00e4nde und B\u00fchnen nie abgebaut werden, von au\u00dfen betrachtet muss man als Oldenburger einfach nur irgendwo sitzen blieben, um mit schiefem Partyh\u00fctchen auf dem Kopf in eine Feier nach der anderen hineinzugeraten, in einen endlosen Strudel aus Wein und Film und Hafen und Keramikkulturkramerlambertinikolaimodestadtfr\u00fchlinggr\u00fcnkohlundwasonstnochalles.<\/p>\n<p>Und was f\u00fcr ein Schock es sein muss, wenn dann doch einmal ein Wochenende festlos ist, wenn es einmal scheinbar nichts zu feiern oder zu vermarkten gibt, wie erschreckend diese pl\u00f6tztliche Stille sein muss. Das darf nicht passieren. Keinesfalls d\u00fcrfen die Anl\u00e4sse ausgehen. Deshalb hier schnell ein paar Vorschl\u00e4ge f\u00fcr die Hinterhand:<\/p>\n<p>Labskaussamstag: Jeden ersten Samstag im M\u00e4rz wird ein riesiger Labskaus gekocht. Traditionell geb\u00fchrt der erste L\u00f6ffel dem aktuellen Stadtschreiber, der ihn dann weiterreicht, bis jeder einzelne Oldenburger etwas abbekommen hat. Abends wird im leeren Topf Tanzmusik aufgespielt.<\/p>\n<p>Amalienbr\u00fcckensprungfest: Ende September springen alle m\u00e4nnlichen Jugendlichen paarweise Hand in Hand von der Amalienbr\u00fccke. Eine Jury bestehend aus der Familie Klemmer k\u00fcrt den ungelenksten Sprung. Der Sieger darf die Tochter (seit 2001 auch wahlweise den Sohn) des Oberb\u00fcrgermeisters heiraten. Sollte der Oberb\u00fcrgermeister keine Kinder im heiratsf\u00e4higen Alter haben, wird auf der Stelle ein neuer ernannt.<\/p>\n<p>Stra\u00dfenfest im Dr\u00f6gen Hasen: t\u00e4gliches Freudenfest mit Luftgitarrenwettbewerb, Engtanzpflicht und Randale. 24-Stunden-live-\u00dcbertragung vom NDR.<\/p>\n<p>Hagelkornlauf: Das gr\u00f6\u00dfte Hagelkorn des Sommers wird ermittelt und vom Oldenburger B\u00fcrger mit den aktuell k\u00e4ltesten H\u00e4nde im Dauerlauf nach Osnabr\u00fcck getragen, wo er damit soviel Schaden anrichten darf, wie er will. Sponsor der Hagelkorntage sind die \u00d6ffentlichen Versicherungen Oldenburg.<\/p>\n","protected":false},"excerpt":{"rendered":"<p>geschrieben am 09.09.2011 Ich muss zugeben, ich bin etwas verwirrt. Das liegt zum Teil daran, dass ich Fieber habe, zum Teil aber auch daran, dass es einfach zu viele Feste in Oldenburg gibt. Das ist f\u00fcr die Feiernden bestimmt wundervoll, &hellip; <a href=\"http:\/\/www.blogbuch-oldenburg.de\/?p=351\">Weiterlesen <span class=\"meta-nav\">&rarr;<\/span><\/a><\/p>\n","protected":false},"author":1,"featured_media":0,"comment_status":"closed","ping_status":"closed","sticky":false,"template":"","format":"standard","meta":[],"categories":[4],"tags":[],"_links":{"self":[{"href":"http:\/\/www.blogbuch-oldenburg.de\/index.php?rest_route=\/wp\/v2\/posts\/351"}],"collection":[{"href":"http:\/\/www.blogbuch-oldenburg.de\/index.php?rest_route=\/wp\/v2\/posts"}],"about":[{"href":"http:\/\/www.blogbuch-oldenburg.de\/index.php?rest_route=\/wp\/v2\/types\/post"}],"author":[{"embeddable":true,"href":"http:\/\/www.blogbuch-oldenburg.de\/index.php?rest_route=\/wp\/v2\/users\/1"}],"replies":[{"embeddable":true,"href":"http:\/\/www.blogbuch-oldenburg.de\/index.php?rest_route=%2Fwp%2Fv2%2Fcomments&post=351"}],"version-history":[{"count":2,"href":"http:\/\/www.blogbuch-oldenburg.de\/index.php?rest_route=\/wp\/v2\/posts\/351\/revisions"}],"predecessor-version":[{"id":578,"href":"http:\/\/www.blogbuch-oldenburg.de\/index.php?rest_route=\/wp\/v2\/posts\/351\/revisions\/578"}],"wp:attachment":[{"href":"http:\/\/www.blogbuch-oldenburg.de\/index.php?rest_route=%2Fwp%2Fv2%2Fmedia&parent=351"}],"wp:term":[{"taxonomy":"category","embeddable":true,"href":"http:\/\/www.blogbuch-oldenburg.de\/index.php?rest_route=%2Fwp%2Fv2%2Fcategories&post=351"},{"taxonomy":"post_tag","embeddable":true,"href":"http:\/\/www.blogbuch-oldenburg.de\/index.php?rest_route=%2Fwp%2Fv2%2Ftags&post=351"}],"curies":[{"name":"wp","href":"https:\/\/api.w.org\/{rel}","templated":true}]}}