{"id":355,"date":"2014-01-02T15:05:10","date_gmt":"2014-01-02T13:05:10","guid":{"rendered":"http:\/\/jazzagent.de\/blogbuch\/?p=355"},"modified":"2014-01-07T19:12:09","modified_gmt":"2014-01-07T17:12:09","slug":"oldenburg-bei-nacht","status":"publish","type":"post","link":"http:\/\/www.blogbuch-oldenburg.de\/?p=355","title":{"rendered":"Oldenburg bei Nacht"},"content":{"rendered":"<p>geschrieben am 01.08.2011<\/p>\n<p>Eine tschechische Bekannte erz\u00e4hlte mir vorgestern, wie sie als Kind nach Deutschland kam, und dass eines der ersten Dinge, die sie sah, ein Aufkleber mit der Aufschrift \u201eOldenburg\u201c war. Sie hatte keine Ahnung, um was es sich bei Oldenburg handelte. Sie konnte sich nichts darunter vorstellen. Oldenburg war das erste R\u00e4tsel von vielen, die ihr in Deutschland begegneten, und vielleicht liegt es daran, dass sie es nie gel\u00f6st hat. Oldenburg wurde zu einem magischen Ort f\u00fcr sie, zu einem Symbol f\u00fcr alles Unbekannte, alles Fremde, f\u00fcr alles, was nur Wort ist und Versprechen.<\/p>\n<p>Sie denke sehr oft an diesen Aufkleber, sagte sie mir und fragte, wie Oldenburg denn so sei. Ich \u00fcberlegte kurz, ob ich ihr vom dienstt\u00e4glichen Eichh\u00f6rnchenmarkt dort erz\u00e4hlen sollte, von der hustenden Kirchturmuhr, vom Oldenburger Bartboykott, der r\u00fcckw\u00e4rts flie\u00dfenden Hunte, vom zweisprachigen Gespenst im Pulverturm, von den f\u00fcnfbeinigen Pferden im Eversten Holz, dem Liebeskummerfestival im Sp\u00e4therbst.<\/p>\n<p>Doch ich sagte nichts davon. Ich sagte etwas Kurzes und Vages, und meine Bekannte wollte nichts anderes h\u00f6ren. Weil es vielleicht wichtig ist, noch ungel\u00f6ste R\u00e4tsel zu haben, vor allem wenn es sehr alte R\u00e4tsel sind, die man schon Jahre mit sich herumtr\u00e4gt, die einem keine schlaflosen N\u00e4chte bereiten, an die man in schlaflosen N\u00e4chten aber manchmal denkt und sich freut \u00fcber alles, was offen ist.<\/p>\n","protected":false},"excerpt":{"rendered":"<p>geschrieben am 01.08.2011 Eine tschechische Bekannte erz\u00e4hlte mir vorgestern, wie sie als Kind nach Deutschland kam, und dass eines der ersten Dinge, die sie sah, ein Aufkleber mit der Aufschrift \u201eOldenburg\u201c war. Sie hatte keine Ahnung, um was es sich &hellip; <a href=\"http:\/\/www.blogbuch-oldenburg.de\/?p=355\">Weiterlesen <span class=\"meta-nav\">&rarr;<\/span><\/a><\/p>\n","protected":false},"author":1,"featured_media":0,"comment_status":"closed","ping_status":"closed","sticky":false,"template":"","format":"standard","meta":[],"categories":[4],"tags":[],"_links":{"self":[{"href":"http:\/\/www.blogbuch-oldenburg.de\/index.php?rest_route=\/wp\/v2\/posts\/355"}],"collection":[{"href":"http:\/\/www.blogbuch-oldenburg.de\/index.php?rest_route=\/wp\/v2\/posts"}],"about":[{"href":"http:\/\/www.blogbuch-oldenburg.de\/index.php?rest_route=\/wp\/v2\/types\/post"}],"author":[{"embeddable":true,"href":"http:\/\/www.blogbuch-oldenburg.de\/index.php?rest_route=\/wp\/v2\/users\/1"}],"replies":[{"embeddable":true,"href":"http:\/\/www.blogbuch-oldenburg.de\/index.php?rest_route=%2Fwp%2Fv2%2Fcomments&post=355"}],"version-history":[{"count":1,"href":"http:\/\/www.blogbuch-oldenburg.de\/index.php?rest_route=\/wp\/v2\/posts\/355\/revisions"}],"predecessor-version":[{"id":356,"href":"http:\/\/www.blogbuch-oldenburg.de\/index.php?rest_route=\/wp\/v2\/posts\/355\/revisions\/356"}],"wp:attachment":[{"href":"http:\/\/www.blogbuch-oldenburg.de\/index.php?rest_route=%2Fwp%2Fv2%2Fmedia&parent=355"}],"wp:term":[{"taxonomy":"category","embeddable":true,"href":"http:\/\/www.blogbuch-oldenburg.de\/index.php?rest_route=%2Fwp%2Fv2%2Fcategories&post=355"},{"taxonomy":"post_tag","embeddable":true,"href":"http:\/\/www.blogbuch-oldenburg.de\/index.php?rest_route=%2Fwp%2Fv2%2Ftags&post=355"}],"curies":[{"name":"wp","href":"https:\/\/api.w.org\/{rel}","templated":true}]}}