{"id":357,"date":"2014-01-02T14:59:17","date_gmt":"2014-01-02T12:59:17","guid":{"rendered":"http:\/\/jazzagent.de\/blogbuch\/?p=357"},"modified":"2014-01-13T21:44:28","modified_gmt":"2014-01-13T19:44:28","slug":"der-klang-der-strassen","status":"publish","type":"post","link":"http:\/\/www.blogbuch-oldenburg.de\/?p=357","title":{"rendered":"Der Klang der Stra\u00dfen"},"content":{"rendered":"<p>geschrieben am 02.08.2011<\/p>\n<p>Oldenburger Stra\u00dfen, in denen ich dem Namen nach gerne leben w\u00fcrde:<\/p>\n<p>Rummelweg<br \/>\nHerbstweg<br \/>\nKummerkamp<br \/>\nSchafj\u00fcckenweg<br \/>\nQuendelstra\u00dfe<br \/>\nZuschlag<br \/>\nFl\u00f6tenstra\u00dfe<br \/>\nAn der gro\u00dfen Wisch<br \/>\nAuf der D\u00fcne<br \/>\nBrummelweg<br \/>\nEllenbogen<br \/>\nIprump<br \/>\nSieben B\u00f6sen<\/p>\n<p>Oldenburger Stra\u00dfen, in denen ich dem Namen nach nicht so gerne leben w\u00fcrde:<\/p>\n<p>Schamhorststra\u00dfe<br \/>\nStumpfer Weg<br \/>\nSchramperweg<br \/>\nSackhofsweg<br \/>\nDreschkamp<br \/>\nDwaschweg<br \/>\nDr\u00f6gen-Hasen-Weg<br \/>\nB\u00e4keplacken<br \/>\nSodenstich<br \/>\nWahnb\u00e4kenweg<br \/>\nKarl-Huber-Stra\u00dfe<\/p>\n<p>Oldenburger Stra\u00dfen, die sich f\u00fcr meinen Geschmack mit ihrem Namen ein bisschen zu sehr ins Zeug legen:<\/p>\n<p>Harmoniestra\u00dfe<br \/>\nNobelstra\u00dfe<br \/>\nWunderburgstra\u00dfe<br \/>\nAm Meere<br \/>\nLustgarten<br \/>\nNymphenweg<br \/>\nIm Engelland<\/p>\n","protected":false},"excerpt":{"rendered":"<p>geschrieben am 02.08.2011 Oldenburger Stra\u00dfen, in denen ich dem Namen nach gerne leben w\u00fcrde: Rummelweg Herbstweg Kummerkamp Schafj\u00fcckenweg Quendelstra\u00dfe Zuschlag Fl\u00f6tenstra\u00dfe An der gro\u00dfen Wisch Auf der D\u00fcne Brummelweg Ellenbogen Iprump Sieben B\u00f6sen Oldenburger Stra\u00dfen, in denen ich dem Namen &hellip; <a href=\"http:\/\/www.blogbuch-oldenburg.de\/?p=357\">Weiterlesen <span class=\"meta-nav\">&rarr;<\/span><\/a><\/p>\n","protected":false},"author":1,"featured_media":0,"comment_status":"closed","ping_status":"closed","sticky":false,"template":"","format":"standard","meta":[],"categories":[4],"tags":[],"_links":{"self":[{"href":"http:\/\/www.blogbuch-oldenburg.de\/index.php?rest_route=\/wp\/v2\/posts\/357"}],"collection":[{"href":"http:\/\/www.blogbuch-oldenburg.de\/index.php?rest_route=\/wp\/v2\/posts"}],"about":[{"href":"http:\/\/www.blogbuch-oldenburg.de\/index.php?rest_route=\/wp\/v2\/types\/post"}],"author":[{"embeddable":true,"href":"http:\/\/www.blogbuch-oldenburg.de\/index.php?rest_route=\/wp\/v2\/users\/1"}],"replies":[{"embeddable":true,"href":"http:\/\/www.blogbuch-oldenburg.de\/index.php?rest_route=%2Fwp%2Fv2%2Fcomments&post=357"}],"version-history":[{"count":2,"href":"http:\/\/www.blogbuch-oldenburg.de\/index.php?rest_route=\/wp\/v2\/posts\/357\/revisions"}],"predecessor-version":[{"id":608,"href":"http:\/\/www.blogbuch-oldenburg.de\/index.php?rest_route=\/wp\/v2\/posts\/357\/revisions\/608"}],"wp:attachment":[{"href":"http:\/\/www.blogbuch-oldenburg.de\/index.php?rest_route=%2Fwp%2Fv2%2Fmedia&parent=357"}],"wp:term":[{"taxonomy":"category","embeddable":true,"href":"http:\/\/www.blogbuch-oldenburg.de\/index.php?rest_route=%2Fwp%2Fv2%2Fcategories&post=357"},{"taxonomy":"post_tag","embeddable":true,"href":"http:\/\/www.blogbuch-oldenburg.de\/index.php?rest_route=%2Fwp%2Fv2%2Ftags&post=357"}],"curies":[{"name":"wp","href":"https:\/\/api.w.org\/{rel}","templated":true}]}}