{"id":383,"date":"2014-01-02T18:46:07","date_gmt":"2014-01-02T16:46:07","guid":{"rendered":"http:\/\/jazzagent.de\/blogbuch\/?p=383"},"modified":"2014-01-13T21:35:49","modified_gmt":"2014-01-13T19:35:49","slug":"153-aktuelle-angebote","status":"publish","type":"post","link":"http:\/\/www.blogbuch-oldenburg.de\/?p=383","title":{"rendered":"153 aktuelle Angebote"},"content":{"rendered":"<p>geschrieben am 23.07.2011<\/p>\n<p><a href=\"http:\/\/www.blogbuch-oldenburg.de\/?attachment_id=602\" rel=\"attachment wp-att-602\"><img decoding=\"async\" loading=\"lazy\" class=\"alignleft size-thumbnail wp-image-602\" alt=\"2011_07_23_Bild1_gross\" src=\"http:\/\/www.blogbuch-oldenburg.de\/wp-content\/uploads\/2011_07_23_Bild1_gross-200x105.jpg\" width=\"200\" height=\"105\" srcset=\"http:\/\/www.blogbuch-oldenburg.de\/wp-content\/uploads\/2011_07_23_Bild1_gross-200x105.jpg 200w, http:\/\/www.blogbuch-oldenburg.de\/wp-content\/uploads\/2011_07_23_Bild1_gross-300x158.jpg 300w, http:\/\/www.blogbuch-oldenburg.de\/wp-content\/uploads\/2011_07_23_Bild1_gross.jpg 450w\" sizes=\"(max-width: 200px) 100vw, 200px\" \/><\/a>153 Wohnungen k\u00f6nnte ich bei immobilienscout.de in Oldenburg mieten. Von der \u201eDobbenviertel-Exklusivit\u00e4t und Gediegenheit pur\u201c \u00fcber die \u201eObenwohnung in Ofen mit Balkon\u201c bis zu \u201eNur f\u00fcr Rentner\u201c in Osternburg. Ich k\u00f6nnte \u201e\u00fcber die D\u00e4cher von Eversten\u201c blicken, ich k\u00f6nnte \u201ezu Fu\u00df zum Evangelischen Krankenhaus\u201c, ich k\u00f6nnte in \u201e9 Minuten mit dem Fahrrad in die City\u201c, ich k\u00f6nnte sogar einen \u201eVolltreffer f\u00fcr junge Leute\u201c landen. Ich k\u00f6nnte stilvoll, ich k\u00f6nnte lichtdurchflutet und hochwertig saniert, schnuckelig k\u00f6nnte ich, und traumhaft k\u00f6nnte ich und innenstadtnaher Jugendstil und ideal f\u00fcr Paare mittleren Alters k\u00f6nnte ich auch. Und \u00fcberall die Fotos von leeren R\u00e4umen, die meine R\u00e4ume sein k\u00f6nnten, durch die ich laufen k\u00f6nnte, in denen ich sitzen k\u00f6nnte, wenn ich 153 St\u00fchle h\u00e4tte, in denen ich schlafen k\u00f6nnte, wenn ich ein 153 Betten h\u00e4tte, in denen ich wohnen k\u00f6nnte, wenn ich 153 Leben h\u00e4tte, gleichzeitig oder nacheinander, darauf k\u00e4me es nicht an. Ich k\u00f6nnte morgens aus 153 Haust\u00fcren treten in 153 Tage, an denen ich arbeite und Kuchen esse und mich sto\u00dfe und einen Gru\u00df erwidere und ein Eichh\u00f6rnchen sehe und huste und mich kurz verliebe und meine Schn\u00fcrsenkel zubinde und einen Weg erkl\u00e4re und mich wundere und Briefmarken kaufe und etwas vergesse und ein Angebot studiere und mich vor dem Tod f\u00fcrchte und telefoniere und ein Lied summe und einen Baum sch\u00f6n finde und elf Euro bezahle und warte und warte und mich verspreche und eine Reise plane und wieder zur\u00fcckkomme in meine 153 Wohnungen und aus meinen 153 K\u00fcchenfenstern schaue und mich dabei manchmal noch hinter einer Stra\u00dfenecke verschwinden sehe.<\/p>\n<p>&nbsp;<\/p>\n","protected":false},"excerpt":{"rendered":"<p>geschrieben am 23.07.2011 153 Wohnungen k\u00f6nnte ich bei immobilienscout.de in Oldenburg mieten. Von der \u201eDobbenviertel-Exklusivit\u00e4t und Gediegenheit pur\u201c \u00fcber die \u201eObenwohnung in Ofen mit Balkon\u201c bis zu \u201eNur f\u00fcr Rentner\u201c in Osternburg. Ich k\u00f6nnte \u201e\u00fcber die D\u00e4cher von Eversten\u201c blicken, &hellip; <a href=\"http:\/\/www.blogbuch-oldenburg.de\/?p=383\">Weiterlesen <span class=\"meta-nav\">&rarr;<\/span><\/a><\/p>\n","protected":false},"author":1,"featured_media":0,"comment_status":"closed","ping_status":"closed","sticky":false,"template":"","format":"standard","meta":[],"categories":[4],"tags":[],"_links":{"self":[{"href":"http:\/\/www.blogbuch-oldenburg.de\/index.php?rest_route=\/wp\/v2\/posts\/383"}],"collection":[{"href":"http:\/\/www.blogbuch-oldenburg.de\/index.php?rest_route=\/wp\/v2\/posts"}],"about":[{"href":"http:\/\/www.blogbuch-oldenburg.de\/index.php?rest_route=\/wp\/v2\/types\/post"}],"author":[{"embeddable":true,"href":"http:\/\/www.blogbuch-oldenburg.de\/index.php?rest_route=\/wp\/v2\/users\/1"}],"replies":[{"embeddable":true,"href":"http:\/\/www.blogbuch-oldenburg.de\/index.php?rest_route=%2Fwp%2Fv2%2Fcomments&post=383"}],"version-history":[{"count":2,"href":"http:\/\/www.blogbuch-oldenburg.de\/index.php?rest_route=\/wp\/v2\/posts\/383\/revisions"}],"predecessor-version":[{"id":603,"href":"http:\/\/www.blogbuch-oldenburg.de\/index.php?rest_route=\/wp\/v2\/posts\/383\/revisions\/603"}],"wp:attachment":[{"href":"http:\/\/www.blogbuch-oldenburg.de\/index.php?rest_route=%2Fwp%2Fv2%2Fmedia&parent=383"}],"wp:term":[{"taxonomy":"category","embeddable":true,"href":"http:\/\/www.blogbuch-oldenburg.de\/index.php?rest_route=%2Fwp%2Fv2%2Fcategories&post=383"},{"taxonomy":"post_tag","embeddable":true,"href":"http:\/\/www.blogbuch-oldenburg.de\/index.php?rest_route=%2Fwp%2Fv2%2Ftags&post=383"}],"curies":[{"name":"wp","href":"https:\/\/api.w.org\/{rel}","templated":true}]}}