{"id":403,"date":"2014-01-06T13:13:10","date_gmt":"2014-01-06T11:13:10","guid":{"rendered":"http:\/\/jazzagent.de\/blogbuch\/?p=403"},"modified":"2015-01-13T13:39:37","modified_gmt":"2015-01-13T11:39:37","slug":"gregor-sander","status":"publish","type":"post","link":"http:\/\/www.blogbuch-oldenburg.de\/?p=403","title":{"rendered":"Gregor Sander"},"content":{"rendered":"<p><a href=\"http:\/\/www.blogbuch-oldenburg.de\/wp-content\/uploads\/2014\/01\/gregor_sander.jpg\"><img decoding=\"async\" loading=\"lazy\" class=\"alignleft size-thumbnail wp-image-407\" src=\"http:\/\/www.blogbuch-oldenburg.de\/wp-content\/uploads\/2014\/01\/gregor_sander-150x133.jpg\" alt=\"Gregor Sander\" width=\"150\" height=\"133\" \/><\/a>Gregor Sander wurde 1968 in Schwerin geboren. Nach einer\u00a0 Ausbildung zum Instandhaltungsmechaniker (Schlosser) mit Abitur und einer Ausbildung zum Krankenpfleger studierte er von 1990 bis 1992 an der Universit\u00e4t Rostock Medizin. Von 1992 bis 1996 studierte er Germanistik und Geschichte an der Humboldt-Universit\u00e4t zu Berlin. Dem schloss sich 1996\/97 der Besuch der Berliner Journalistenschule an. 2002 erschien sein literarisches Deb\u00fct, der Erz\u00e4hlungsband \u201eIch aber bin hier geboren\u201c. 2007 folgte der Roman \u201eAbwesend\u201c. 2011 ver\u00f6ffentlichte er den Erz\u00e4hlungsband \u201eWinterfisch\u201c.<\/p>\n<p>Gregor Sander lebt als Journalist (Deutschlandradio Kultur) und Schriftsteller in Berlin.<\/p>\n<p>Preise und Stipendien (Auswahl):<br \/>\n2012 Preis der LiteraTour Nord f\u00fcr sein bisheriges Werk, insbesondere f\u00fcr seinen 2011 erschienenen Erz\u00e4hlungsband \u201eWinterfisch\u201c.<br \/>\n2009 3Sat-Preis bei den 33. Tagen der deutschsprachigen Literatur in Klagenfurt.<br \/>\n2009 Stipendium Deutscher Literaturfonds.<br \/>\n2007 Roman \u201eAbwesend\u201c nominiert f\u00fcr den Deutschen Buchpreis.<br \/>\n2006 Casa-Baldi-Stipendium der Villa Massimo in Olevano Romano.<br \/>\n2004 F\u00f6rderpreis zum H\u00f6lderlinpreis der Stadt Bad Homburg v. d. H\u00f6he.<br \/>\n2002 Ledig House New York.<br \/>\n2000 &#8211; 2001 Akademie Schloss Solitude Stuttgart.<\/p>\n","protected":false},"excerpt":{"rendered":"<p>Gregor Sander wurde 1968 in Schwerin geboren. Nach einer\u00a0 Ausbildung zum Instandhaltungsmechaniker (Schlosser) mit Abitur und einer Ausbildung zum Krankenpfleger studierte er von 1990 bis 1992 an der Universit\u00e4t Rostock Medizin. Von 1992 bis 1996 studierte er Germanistik und Geschichte &hellip; <a href=\"http:\/\/www.blogbuch-oldenburg.de\/?p=403\">Weiterlesen <span class=\"meta-nav\">&rarr;<\/span><\/a><\/p>\n","protected":false},"author":1,"featured_media":0,"comment_status":"closed","ping_status":"closed","sticky":false,"template":"","format":"standard","meta":[],"categories":[2],"tags":[],"_links":{"self":[{"href":"http:\/\/www.blogbuch-oldenburg.de\/index.php?rest_route=\/wp\/v2\/posts\/403"}],"collection":[{"href":"http:\/\/www.blogbuch-oldenburg.de\/index.php?rest_route=\/wp\/v2\/posts"}],"about":[{"href":"http:\/\/www.blogbuch-oldenburg.de\/index.php?rest_route=\/wp\/v2\/types\/post"}],"author":[{"embeddable":true,"href":"http:\/\/www.blogbuch-oldenburg.de\/index.php?rest_route=\/wp\/v2\/users\/1"}],"replies":[{"embeddable":true,"href":"http:\/\/www.blogbuch-oldenburg.de\/index.php?rest_route=%2Fwp%2Fv2%2Fcomments&post=403"}],"version-history":[{"count":8,"href":"http:\/\/www.blogbuch-oldenburg.de\/index.php?rest_route=\/wp\/v2\/posts\/403\/revisions"}],"predecessor-version":[{"id":1010,"href":"http:\/\/www.blogbuch-oldenburg.de\/index.php?rest_route=\/wp\/v2\/posts\/403\/revisions\/1010"}],"wp:attachment":[{"href":"http:\/\/www.blogbuch-oldenburg.de\/index.php?rest_route=%2Fwp%2Fv2%2Fmedia&parent=403"}],"wp:term":[{"taxonomy":"category","embeddable":true,"href":"http:\/\/www.blogbuch-oldenburg.de\/index.php?rest_route=%2Fwp%2Fv2%2Fcategories&post=403"},{"taxonomy":"post_tag","embeddable":true,"href":"http:\/\/www.blogbuch-oldenburg.de\/index.php?rest_route=%2Fwp%2Fv2%2Ftags&post=403"}],"curies":[{"name":"wp","href":"https:\/\/api.w.org\/{rel}","templated":true}]}}