{"id":758,"date":"2014-09-29T15:48:13","date_gmt":"2014-09-29T13:48:13","guid":{"rendered":"http:\/\/www.blogbuch-oldenburg.de\/?p=758"},"modified":"2014-09-30T11:40:46","modified_gmt":"2014-09-30T09:40:46","slug":"wundes-ich","status":"publish","type":"post","link":"http:\/\/www.blogbuch-oldenburg.de\/?p=758","title":{"rendered":"Wundes Ich [ 15 ]"},"content":{"rendered":"<p>Wenn ich nicht ich selbst w\u00e4re und mich kennen lernen w\u00fcrde, irgendwo, im Sportverein oder am Tresen, ich w\u00fcrde mich nicht m\u00f6gen. Ich w\u00fcrde mich niemals mit mir treffen wollen. Ich w\u00fcrde mir aus dem Weg gehen, Blicke vermeiden. Ich mag den Typen nicht, der ich bin. Brauche ich deshalb eine Therapie? Wahrscheinlich, oder?<\/p>\n<p>Das Problem ist, dass ich keinen Bock habe, so viel Zeit aufzubringen f\u00fcr diesen unsympathischen Typen, der ich bin. Therapie, das ist wahrscheinlich entweder einfach nur nervig (wenn man es nicht ernst nimmt und absitzt, wie Fahrschultheoriestunden), oder es macht tierisch Arbeit (wenn man sich drauf einl\u00e4sst), man muss denken, fragen, heulen, leiden und viel Zeit investieren. Zeit, die man nur mit sich selbst verbringt, mit diesem bekackten Typen. Das w\u00fcrde ich nicht aushalten.<\/p>\n<p><!--more--><\/p>\n<p>Ich bin jetzt schon derma\u00dfen von mir angestrengt. Erst seit ich arbeite, bin ich mir ertr\u00e4glich geworden. Wenn ich arbeite, wenn ich tue, schaffe, dann ist es, als passte ich in mich hinein, w\u00fcrde etwas mich ausf\u00fcllen, das mir nicht zuwider oder wenigstens suspekt ist. Wenn ich arbeite, verstelle ich mich nicht, sitze ich einfach in mir drin und etwas geschieht wie aus mir selbst heraus. Es tut nicht weh, f\u00fchlt sich nicht falsch, verlogen und verstellt an. Arbeit und die vergangenen Momente mit Rieke sind die unverstellten Strecken. Abschnitte, in denen ich war und nicht so tat, als ob. In denen ich sein konnte, ohne strategischen Hintergedanken (und sei es nur, dass mir im Restaurant nicht auf die Pizza gerotzt wird, ich also ein Mindestma\u00df an H\u00f6flichkeit bereithalte f\u00fcr das Servicepersonal). Das ist der Sinn meiner sinnlosen, wahnwitzigen Arbeit: sie gibt dem diesem<em> Ich<\/em> genannten Wust einen Ort, sie ist mir ein Ventil, sie ist wie Schlaf f\u00fcr meinen m\u00fcden Geist. Arbeit als Rekreation f\u00fcr ein wundes Ich.<\/p>\n","protected":false},"excerpt":{"rendered":"<p>Wenn ich nicht ich selbst w\u00e4re und mich kennen lernen w\u00fcrde, irgendwo, im Sportverein oder am Tresen, ich w\u00fcrde mich nicht m\u00f6gen. Ich w\u00fcrde mich niemals mit mir treffen wollen. Ich w\u00fcrde mir aus dem Weg gehen, Blicke vermeiden. Ich &hellip; <a href=\"http:\/\/www.blogbuch-oldenburg.de\/?p=758\">Weiterlesen <span class=\"meta-nav\">&rarr;<\/span><\/a><\/p>\n","protected":false},"author":1,"featured_media":0,"comment_status":"closed","ping_status":"closed","sticky":false,"template":"","format":"standard","meta":[],"categories":[3],"tags":[],"_links":{"self":[{"href":"http:\/\/www.blogbuch-oldenburg.de\/index.php?rest_route=\/wp\/v2\/posts\/758"}],"collection":[{"href":"http:\/\/www.blogbuch-oldenburg.de\/index.php?rest_route=\/wp\/v2\/posts"}],"about":[{"href":"http:\/\/www.blogbuch-oldenburg.de\/index.php?rest_route=\/wp\/v2\/types\/post"}],"author":[{"embeddable":true,"href":"http:\/\/www.blogbuch-oldenburg.de\/index.php?rest_route=\/wp\/v2\/users\/1"}],"replies":[{"embeddable":true,"href":"http:\/\/www.blogbuch-oldenburg.de\/index.php?rest_route=%2Fwp%2Fv2%2Fcomments&post=758"}],"version-history":[{"count":3,"href":"http:\/\/www.blogbuch-oldenburg.de\/index.php?rest_route=\/wp\/v2\/posts\/758\/revisions"}],"predecessor-version":[{"id":856,"href":"http:\/\/www.blogbuch-oldenburg.de\/index.php?rest_route=\/wp\/v2\/posts\/758\/revisions\/856"}],"wp:attachment":[{"href":"http:\/\/www.blogbuch-oldenburg.de\/index.php?rest_route=%2Fwp%2Fv2%2Fmedia&parent=758"}],"wp:term":[{"taxonomy":"category","embeddable":true,"href":"http:\/\/www.blogbuch-oldenburg.de\/index.php?rest_route=%2Fwp%2Fv2%2Fcategories&post=758"},{"taxonomy":"post_tag","embeddable":true,"href":"http:\/\/www.blogbuch-oldenburg.de\/index.php?rest_route=%2Fwp%2Fv2%2Ftags&post=758"}],"curies":[{"name":"wp","href":"https:\/\/api.w.org\/{rel}","templated":true}]}}