{"id":874,"date":"2014-09-29T15:29:27","date_gmt":"2014-09-29T13:29:27","guid":{"rendered":"http:\/\/www.blogbuch-oldenburg.de\/?p=874"},"modified":"2014-09-30T11:48:07","modified_gmt":"2014-09-30T09:48:07","slug":"der-unsinn-des-grossen-ganzen","status":"publish","type":"post","link":"http:\/\/www.blogbuch-oldenburg.de\/?p=874","title":{"rendered":"Der Unsinn des gro\u00dfen Ganzen. [  31 ]"},"content":{"rendered":"<p><em><br \/>\nIch breite die Arme aus. Gleite. Die Augen geschlossen. Mein Becken bewegt sich vor und zur\u00fcck, auf dem Kopf k\u00f6nnte ich einen Eimer Wasser balancieren, ich reite. Werde getragen. Rieche das Tier, sp\u00fcre seine Bewegungen an der Innenseite meiner Schenkel, ich halte mich fest an dieser lebendigen W\u00e4rme. Keine M\u00e4hne, daf\u00fcr H\u00f6rner. Ohren. F\u00fchle so viele Muskeln. Es f\u00e4llt mir nicht ein, zu lenken, ich komme nicht auf die Idee. Wohin auch?<br \/>\nUnd als ich irgendwann die Augen \u00f6ffne, sehe ich um mich herum: Kr\u00e4hen. Kr\u00e4hen auf K\u00fchen, Kr\u00e4hen, die K\u00fche reiten. Eine Armee aus K\u00fchen, im Galopp, die entschlossen auf ein Ziel zust\u00fcrmt. Und auf jedem Kuhr\u00fccken eine Kr\u00e4he, manchmal zwei &#8211; Reiter, Lenker, Kapit\u00e4ne. Unter ihnen: Ich, mit ausgebreiteten Armen (oder waren es Fl\u00fcgel?). Mein Becken bewegt sich vor und zur\u00fcck oder sind es die d\u00fcnnen Beine einer Kr\u00e4he, die die Bewegungen der warmen Kuh an der Innenseite meiner Oberschenkel wie ein Sto\u00dfd\u00e4mpfer ausgleichen? So reite ich. Auf K\u00fchen keinem St\u00fcck Land entgegen und als mir der Traum langsam entgleitet, sich verd\u00fcnnt und im Tageslicht aufl\u00f6st, f\u00e4llt mir ein, dass diese Horde oben auf meinem Dach reiten muss. Das ist die Kr\u00f6nung. Ist die L\u00f6sung. Der Unsinn des gro\u00dfen Ganzen. Eine Herde K\u00fche im Galopp, dreihundert, vierhundert Tiere. Ich sehe einen Himmel \u00fcber ihnen, viele Himmel. Unter ihnen den zitternden Beton des Flachdachs. Hier oben schaukelt die Welt und die Perspektive dreht sich. Dann sehe ich alles von vorne und verstehe, dass zweihunderttausend Kilo wuchtige Entschlossenheit auf mich zugaloppieren. Ich stehe da und sehe sie kommen. Als sei ich das Ziel.<br \/>\nAls sei man das Ziel.<\/p>\n<p><!--more--><br \/>\nAus dem unteren Stockwerk kletterte man Stahldraht hinauf. M\u00fchsam, unsicher, frei im Raum. Und kaum steckte man den Kopf durch das Loch im Dach, kaum blickte man hinaus, s\u00e4he man die Horde auf sich zust\u00fcrmen. Ein Film-Still, real, begehbar. Drei\u00dfig mal drei\u00dfig mal drei\u00dfig Meter Gem\u00e4lde f\u00fcr immer nur einen einzigen Betrachter. F\u00fcr immer, wenn es immer noch g\u00e4be, aber es gibt kein immer, weil es keine Zeit mehr gibt. So stelle ich es mir vor.<\/em><\/p>\n<p>Komme langsam zu mir, checke, wo ich bin: Ich liege unter einer grauen Wolldecke auf Frauchens Terrasse, genau an der Stelle, wo Aufsichtsrat gestorben ist. Dar\u00fcber liegt der kleine Balkon, der zu dem Zimmer geh\u00f6rt, in dem Rieke\u2026 ja, was? Untergekommen ist? Lebt? Wohnt? Ihre \u201cclasses\u201d vorbereitet oder was?<br \/>\n\u201cPersonal Trainer\u201d, hat Frauchen mir erkl\u00e4rt. Rieke sei ihr Personal Yoga Teacher. PYT. Peewhaytee! Sie sei in das Zimmer neben meinem eingezogen. Und dann ihr nussknackendes Zwinkern. <\/p>\n","protected":false},"excerpt":{"rendered":"<p>Ich breite die Arme aus. Gleite. Die Augen geschlossen. Mein Becken bewegt sich vor und zur\u00fcck, auf dem Kopf k\u00f6nnte ich einen Eimer Wasser balancieren, ich reite. Werde getragen. Rieche das Tier, sp\u00fcre seine Bewegungen an der Innenseite meiner Schenkel, &hellip; <a href=\"http:\/\/www.blogbuch-oldenburg.de\/?p=874\">Weiterlesen <span class=\"meta-nav\">&rarr;<\/span><\/a><\/p>\n","protected":false},"author":1,"featured_media":0,"comment_status":"closed","ping_status":"closed","sticky":false,"template":"","format":"standard","meta":[],"categories":[3],"tags":[],"_links":{"self":[{"href":"http:\/\/www.blogbuch-oldenburg.de\/index.php?rest_route=\/wp\/v2\/posts\/874"}],"collection":[{"href":"http:\/\/www.blogbuch-oldenburg.de\/index.php?rest_route=\/wp\/v2\/posts"}],"about":[{"href":"http:\/\/www.blogbuch-oldenburg.de\/index.php?rest_route=\/wp\/v2\/types\/post"}],"author":[{"embeddable":true,"href":"http:\/\/www.blogbuch-oldenburg.de\/index.php?rest_route=\/wp\/v2\/users\/1"}],"replies":[{"embeddable":true,"href":"http:\/\/www.blogbuch-oldenburg.de\/index.php?rest_route=%2Fwp%2Fv2%2Fcomments&post=874"}],"version-history":[{"count":2,"href":"http:\/\/www.blogbuch-oldenburg.de\/index.php?rest_route=\/wp\/v2\/posts\/874\/revisions"}],"predecessor-version":[{"id":880,"href":"http:\/\/www.blogbuch-oldenburg.de\/index.php?rest_route=\/wp\/v2\/posts\/874\/revisions\/880"}],"wp:attachment":[{"href":"http:\/\/www.blogbuch-oldenburg.de\/index.php?rest_route=%2Fwp%2Fv2%2Fmedia&parent=874"}],"wp:term":[{"taxonomy":"category","embeddable":true,"href":"http:\/\/www.blogbuch-oldenburg.de\/index.php?rest_route=%2Fwp%2Fv2%2Fcategories&post=874"},{"taxonomy":"post_tag","embeddable":true,"href":"http:\/\/www.blogbuch-oldenburg.de\/index.php?rest_route=%2Fwp%2Fv2%2Ftags&post=874"}],"curies":[{"name":"wp","href":"https:\/\/api.w.org\/{rel}","templated":true}]}}